{"id":2948,"date":"2023-10-20T18:15:17","date_gmt":"2023-10-20T23:15:17","guid":{"rendered":"https:\/\/www.radiointeractivo.com.mx\/?p=2948"},"modified":"2023-10-20T18:15:18","modified_gmt":"2023-10-20T23:15:18","slug":"disfrutan-gobernador-y-alcaldesa-pabellon-de-nuevo-laredo-en-inauguracion-de-feria-tamaulipas-2023","status":"publish","type":"post","link":"https:\/\/www.radiointeractivo.com.mx\/?p=2948","title":{"rendered":"DISFRUTAN GOBERNADOR Y ALCALDESA PABELL\u00d3N DE NUEVO LAREDO EN INAUGURACI\u00d3N DE FERIA TAMAULIPAS 2023"},"content":{"rendered":"\n<p>Por: Staff | #NuevoLaredo #Tamaulipas<\/p>\n\n\n\n<p>En el marco de la inauguraci\u00f3n de la Feria Tamaulipas 2023, el gobernador Am\u00e9rico Villarreal Anaya, acompa\u00f1ado de su esposa la Dra. Mar\u00eda Santiago de Villarreal, presidenta del DIF estatal, realizaron un recorrido por el pabell\u00f3n de Nuevo Laredo junto a la alcaldesa Carmen Lilia Canturosas Villarreal.<\/p>\n\n\n\n<p>Ah\u00ed, el mandatario estatal mencion\u00f3 la importancia de unir a las familias de toda la entidad mediante la paz y la convivencia, para promover las bondades que ofrece todo Tamaulipas a M\u00e9xico y el mundo.<\/p>\n\n\n\n<p>\u201cSabemos que el rumbo que debe tomar la voluntad y el servir de un ser humano es muy distinto al que se nos ha venido dando como una realidad cotidiana y que aqu\u00ed en Tamaulipas con esa voluntad, disposici\u00f3n con esa cultura de las familias y oportunidades de resarcir nuestro tejido social entre todo lo podemos lograr\u201d, indic\u00f3 Villarreal Anaya.<\/p>\n\n\n\n<p>Por su parte, la alcaldesa Carmen Lilia Canturosas, quien estuvo acompa\u00f1ada de su esposo Oscar Mario Hinojosa, se dijo contenta de asistir a la Feria Tamaulipas 2023 en la que a trav\u00e9s de esta se promocionan las ventajas competitivas de la frontera, as\u00ed como productos y servicios de Nuevo Laredo.<\/p>\n\n\n\n<p>\u201cEstoy muy contenta de estar aqu\u00ed con nuestro gobernador, de ser parte del gran momento de transformaci\u00f3n que viven Tamaulipas y Nuevo Laredo, adem\u00e1s de impulsar a nuestro bello municipio\u201d, enfatiz\u00f3 la presidenta municipal.<\/p>\n\n\n\n<p>Se\u00f1al\u00f3 que durante la Feria Tamaulipas 2023 el m\u00f3dulo de Nuevo Laredo se expondr\u00e1 las ventajas competitivas, econ\u00f3micas y tur\u00edsticas de la frontera.<\/p>\n\n\n\n<p>Adem\u00e1s de impulsar a los productores neolaredenses con una exhibici\u00f3n y venta de sus productos como figuras de forja, galletas, salsas, art\u00edculos impresos entre otros.<\/p>\n\n\n\n<p>Tambi\u00e9n se cuenta con una exposici\u00f3n cineg\u00e9tica, del Museo de Historia Natural y de los Tecolotes de Los Dos Laredos.<\/p>\n\n\n\n<p>Durante la inauguraci\u00f3n de la Feria Tamaulipas estuvieron presidentes municipales; diputados; autoridades del gabinete estatal; empresarios y sociedad civil.<\/p>\n\n\n\n<p>Como representante de la gastronom\u00eda local, estuvo presente Laredo Grill, quienes se encargaron de prender el asador y prepararon tres cabritos y 30 kilos de carne asada para deleitar a los asistentes.<\/p>\n","protected":false},"excerpt":{"rendered":"<p>Por: Staff | #NuevoLaredo #Tamaulipas En el marco de la inauguraci\u00f3n de la Feria Tamaulipas 2023, el gobernador Am\u00e9rico Villarreal Anaya, acompa\u00f1ado de su esposa la Dra. Mar\u00eda Santiago de Villarreal, presidenta del DIF estatal, realizaron un recorrido por el pabell\u00f3n de Nuevo Laredo junto a la alcaldesa Carmen Lilia Canturosas Villarreal. Ah\u00ed, el mandatario &hellip;<\/p>\n","protected":false},"author":1,"featured_media":2949,"comment_status":"open","ping_status":"open","sticky":false,"template":"","format":"standard","meta":{"footnotes":""},"categories":[38],"tags":[],"class_list":["post-2948","post","type-post","status-publish","format-standard","has-post-thumbnail","","category-nuevo-laredo"],"_links":{"self":[{"href":"https:\/\/www.radiointeractivo.com.mx\/index.php?rest_route=\/wp\/v2\/posts\/2948","targetHints":{"allow":["GET"]}}],"collection":[{"href":"https:\/\/www.radiointeractivo.com.mx\/index.php?rest_route=\/wp\/v2\/posts"}],"about":[{"href":"https:\/\/www.radiointeractivo.com.mx\/index.php?rest_route=\/wp\/v2\/types\/post"}],"author":[{"embeddable":true,"href":"https:\/\/www.radiointeractivo.com.mx\/index.php?rest_route=\/wp\/v2\/users\/1"}],"replies":[{"embeddable":true,"href":"https:\/\/www.radiointeractivo.com.mx\/index.php?rest_route=%2Fwp%2Fv2%2Fcomments&post=2948"}],"version-history":[{"count":1,"href":"https:\/\/www.radiointeractivo.com.mx\/index.php?rest_route=\/wp\/v2\/posts\/2948\/revisions"}],"predecessor-version":[{"id":2950,"href":"https:\/\/www.radiointeractivo.com.mx\/index.php?rest_route=\/wp\/v2\/posts\/2948\/revisions\/2950"}],"wp:featuredmedia":[{"embeddable":true,"href":"https:\/\/www.radiointeractivo.com.mx\/index.php?rest_route=\/wp\/v2\/media\/2949"}],"wp:attachment":[{"href":"https:\/\/www.radiointeractivo.com.mx\/index.php?rest_route=%2Fwp%2Fv2%2Fmedia&parent=2948"}],"wp:term":[{"taxonomy":"category","embeddable":true,"href":"https:\/\/www.radiointeractivo.com.mx\/index.php?rest_route=%2Fwp%2Fv2%2Fcategories&post=2948"},{"taxonomy":"post_tag","embeddable":true,"href":"https:\/\/www.radiointeractivo.com.mx\/index.php?rest_route=%2Fwp%2Fv2%2Ftags&post=2948"}],"curies":[{"name":"wp","href":"https:\/\/api.w.org\/{rel}","templated":true}]}}