{"id":2944,"date":"2023-10-20T18:07:29","date_gmt":"2023-10-20T23:07:29","guid":{"rendered":"https:\/\/www.radiointeractivo.com.mx\/?p=2944"},"modified":"2023-10-20T18:07:30","modified_gmt":"2023-10-20T23:07:30","slug":"conmemora-sistema-dif-dia-mundial-de-alimentacion-con-semana-de-actividades","status":"publish","type":"post","link":"https:\/\/www.radiointeractivo.com.mx\/?p=2944","title":{"rendered":"CONMEMORA SISTEMA DIF D\u00cdA MUNDIAL DE ALIMENTACI\u00d3N CON SEMANA DE ACTIVIDADES"},"content":{"rendered":"\n<p>Por: Staff | #NuevoLaredo #Tamaulipas<\/p>\n\n\n\n<p>En el marco del D\u00eda Mundial de la Alimentaci\u00f3n, el Sistema para el Desarrollo Integral de la Familia (DIF) llev\u00f3 a cabo durante una semana diversas actividades para fomentar la buena alimentaci\u00f3n y acercar los servicios de programas alimentarios a la poblaci\u00f3n.<\/p>\n\n\n\n<p>Con el lema &#8220;Cultivar, Nutrir y Preservar&#8221; se desarrollaron pl\u00e1ticas en escuelas donde se instruy\u00f3 a los estudiantes sobre el &#8220;Plato del Buen Comer&#8221;, a cargo de Beatriz Espinoza, nutri\u00f3loga del DIF, para que con esa informaci\u00f3n los alumnos aprendan desde temprana edad a mantener una dieta equilibrada y nutritiva.<\/p>\n\n\n\n<p>Al inicio de la semana se proporcion\u00f3 avena caliente y snack saludables a la poblaci\u00f3n en las instalaciones del DIF, con la finalidad de demostrar que la comida saludable puede ser deliciosa y accesible.<\/p>\n\n\n\n<p>Adem\u00e1s de estas actividades espec\u00edficas para el D\u00eda Mundial de la Alimentaci\u00f3n, el Sistema DIF trabaja de manera constante para apoyar a las familias en materia alimentaria.<\/p>\n\n\n\n<p>El director general del Sistema DIF Jose Luis Pintado Gamboa se\u00f1al\u00f3 que en el Sistema DIF se brinda apoyo a la poblaci\u00f3n vulnerable en materia de alimentaci\u00f3n con programas estatales y locales como comedores comunitarios Voluntad,Paz y Esperanza, programa de Desayunos Escolares y Despensas para las personas que est\u00e1n en un padr\u00f3n de beneficiarios, as\u00ed como asesor\u00edas de nutrici\u00f3n, beneficiando a m\u00e1s de 5 mil personas.<\/p>\n\n\n\n<p>\u201cGracias al apoyo del DIF Tamaulipas en el DIF Nuevo Laredo podemos llegar con los programas alimentarios a los sectores de la ciudad que m\u00e1s se necesitan\u201d coment\u00f3 Pintado Gamboa.<\/p>\n\n\n\n<p>El DIF reafirma su compromiso de seguir trabajando en la promoci\u00f3n de la alimentaci\u00f3n saludable y el bienestar de las familias, con el objetivo de contribuir al desarrollo integral de la comunidad y garantizar que todos tengan acceso a una alimentaci\u00f3n adecuada.<\/p>\n","protected":false},"excerpt":{"rendered":"<p>Por: Staff | #NuevoLaredo #Tamaulipas En el marco del D\u00eda Mundial de la Alimentaci\u00f3n, el Sistema para el Desarrollo Integral de la Familia (DIF) llev\u00f3 a cabo durante una semana diversas actividades para fomentar la buena alimentaci\u00f3n y acercar los servicios de programas alimentarios a la poblaci\u00f3n. Con el lema &#8220;Cultivar, Nutrir y Preservar&#8221; se &hellip;<\/p>\n","protected":false},"author":1,"featured_media":2945,"comment_status":"open","ping_status":"open","sticky":false,"template":"","format":"standard","meta":{"footnotes":""},"categories":[38],"tags":[],"class_list":["post-2944","post","type-post","status-publish","format-standard","has-post-thumbnail","","category-nuevo-laredo"],"_links":{"self":[{"href":"https:\/\/www.radiointeractivo.com.mx\/index.php?rest_route=\/wp\/v2\/posts\/2944","targetHints":{"allow":["GET"]}}],"collection":[{"href":"https:\/\/www.radiointeractivo.com.mx\/index.php?rest_route=\/wp\/v2\/posts"}],"about":[{"href":"https:\/\/www.radiointeractivo.com.mx\/index.php?rest_route=\/wp\/v2\/types\/post"}],"author":[{"embeddable":true,"href":"https:\/\/www.radiointeractivo.com.mx\/index.php?rest_route=\/wp\/v2\/users\/1"}],"replies":[{"embeddable":true,"href":"https:\/\/www.radiointeractivo.com.mx\/index.php?rest_route=%2Fwp%2Fv2%2Fcomments&post=2944"}],"version-history":[{"count":1,"href":"https:\/\/www.radiointeractivo.com.mx\/index.php?rest_route=\/wp\/v2\/posts\/2944\/revisions"}],"predecessor-version":[{"id":2946,"href":"https:\/\/www.radiointeractivo.com.mx\/index.php?rest_route=\/wp\/v2\/posts\/2944\/revisions\/2946"}],"wp:featuredmedia":[{"embeddable":true,"href":"https:\/\/www.radiointeractivo.com.mx\/index.php?rest_route=\/wp\/v2\/media\/2945"}],"wp:attachment":[{"href":"https:\/\/www.radiointeractivo.com.mx\/index.php?rest_route=%2Fwp%2Fv2%2Fmedia&parent=2944"}],"wp:term":[{"taxonomy":"category","embeddable":true,"href":"https:\/\/www.radiointeractivo.com.mx\/index.php?rest_route=%2Fwp%2Fv2%2Fcategories&post=2944"},{"taxonomy":"post_tag","embeddable":true,"href":"https:\/\/www.radiointeractivo.com.mx\/index.php?rest_route=%2Fwp%2Fv2%2Ftags&post=2944"}],"curies":[{"name":"wp","href":"https:\/\/api.w.org\/{rel}","templated":true}]}}