{"id":2938,"date":"2023-10-19T23:02:27","date_gmt":"2023-10-20T04:02:27","guid":{"rendered":"https:\/\/www.radiointeractivo.com.mx\/?p=2938"},"modified":"2023-10-26T19:20:27","modified_gmt":"2023-10-27T00:20:27","slug":"tamaulipas-sede-del-xxii-congreso-nacional-de-defensorias-publicas-estatales","status":"publish","type":"post","link":"https:\/\/www.radiointeractivo.com.mx\/?p=2938","title":{"rendered":"Tamaulipas sede del XXII Congreso Nacional de Defensor\u00edas P\u00fablicas Estatale"},"content":{"rendered":"\n<figure class=\"wp-block-image size-full\"><img loading=\"lazy\" decoding=\"async\" width=\"1024\" height=\"529\" src=\"https:\/\/www.radiointeractivo.com.mx\/wp-content\/uploads\/2023\/10\/WhatsApp-Image-2023-10-19-at-4.51.31-PM.jpeg\" alt=\"\" class=\"wp-image-2939\" srcset=\"https:\/\/www.radiointeractivo.com.mx\/wp-content\/uploads\/2023\/10\/WhatsApp-Image-2023-10-19-at-4.51.31-PM.jpeg 1024w, https:\/\/www.radiointeractivo.com.mx\/wp-content\/uploads\/2023\/10\/WhatsApp-Image-2023-10-19-at-4.51.31-PM-300x155.jpeg 300w, https:\/\/www.radiointeractivo.com.mx\/wp-content\/uploads\/2023\/10\/WhatsApp-Image-2023-10-19-at-4.51.31-PM-768x397.jpeg 768w\" sizes=\"auto, (max-width: 1024px) 100vw, 1024px\" \/><\/figure>\n\n\n\n<p>-El secretario de Turismo estatal dio la bienvenida a los participantes al evento que se realiza en Tampico<\/p>\n\n\n\n<p>Por: Agencias <\/p>\n\n\n\n<p>Tampico, Tamaulipas.- Tamaulipas se enorgullece de ser la sede del XXII Congreso Nacional de Defensor\u00edas P\u00fablicas Estatales, un logro que refleja la labor de la Secretar\u00eda de Turismo en atraer eventos de relevancia tanto a nivel nacional como internacional, afirm\u00f3 Benjam\u00edn Hern\u00e1ndez Rodr\u00edguez, durante la ceremonia inaugural de este evento que se celebra en el puerto de Tampico.<\/p>\n\n\n\n<p>Al dar la bienvenida a todos los asistentes, el secretario de Turismo estatal agradeci\u00f3 al maestro Juan Carlos M\u00e1rquez Rosas, presidente de la Asociaci\u00f3n Nacional de Defensor\u00edas P\u00fablicas Estatales, por depositar su confianza en Tamaulipas como anfitri\u00f3n de este Congreso de gran relevancia.<\/p>\n\n\n\n<p>Durante la ceremonia presidida por el secretario general de Gobierno, H\u00e9ctor Joel Villegas Gonz\u00e1lez, el secretario de Turismo agradeci\u00f3 tambi\u00e9n a Mariela Estefan\u00eda Z\u00fa\u00f1iga Lugo, directora general del Instituto de Defensor\u00eda P\u00fablica del Estado, cuyo empe\u00f1o y dinamismo se destacaron como fundamentales para traer este evento a la regi\u00f3n.<\/p>\n\n\n\n<p>En su mensaje, Hern\u00e1ndez Rodr\u00edguez subray\u00f3 el compromiso del Gobierno de Tamaulipas hacia la transversalidad y la coordinaci\u00f3n entre las dependencias de los tres niveles de gobierno.<\/p>\n\n\n\n<p>Adem\u00e1s, hizo hincapi\u00e9 en el rol crucial desempe\u00f1ado por la dependencia a su cargo en impulsar la industria de reuniones, trabajando en estrecha colaboraci\u00f3n con diversas instituciones gubernamentales, colegios, c\u00e1maras, asociaciones empresariales e instituciones educativas.<\/p>\n\n\n\n<p>Asimismo, destac\u00f3 la importancia de la vinculaci\u00f3n con la academia en eventos como este, enfatizando el compromiso continuo de buscar oportunidades que contribuyan al crecimiento del conocimiento en las nuevas generaciones.<\/p>\n\n\n\n<p>El funcionario extendi\u00f3 una c\u00e1lida invitaci\u00f3n a todos los presentes a degustar la gastronom\u00eda de la zona sur de Tamaulipas, as\u00ed como a descubrir su riqueza natural, hist\u00f3rica y sus arraigadas tradiciones y adem\u00e1s les alent\u00f3 a explorar las bondades de Tampico, su riqueza hist\u00f3rica, la calidez de su gente, as\u00ed como la destacada vocaci\u00f3n industrial y agropecuaria de Altamira y la belleza costera de Ciudad Madero.<\/p>\n\n\n\n<p>\u201cEn el Gobierno de Am\u00e9rico Villarreal Anaya, seguiremos trabajando coordinadamente para la atracci\u00f3n de congresos y eventos que adem\u00e1s de generar derrama econ\u00f3mica, contribuyan a la profesionalizaci\u00f3n de diferentes sectores de la econom\u00eda\u201d, expres\u00f3.<\/p>\n","protected":false},"excerpt":{"rendered":"<p>-El secretario de Turismo estatal dio la bienvenida a los participantes al evento que se realiza en Tampico Por: Agencias Tampico, Tamaulipas.- Tamaulipas se enorgullece de ser la sede del XXII Congreso Nacional de Defensor\u00edas P\u00fablicas Estatales, un logro que refleja la labor de la Secretar\u00eda de Turismo en atraer eventos de relevancia tanto a &hellip;<\/p>\n","protected":false},"author":1,"featured_media":2939,"comment_status":"open","ping_status":"open","sticky":false,"template":"","format":"standard","meta":{"footnotes":""},"categories":[39],"tags":[],"class_list":["post-2938","post","type-post","status-publish","format-standard","has-post-thumbnail","","category-tamaulipas"],"_links":{"self":[{"href":"https:\/\/www.radiointeractivo.com.mx\/index.php?rest_route=\/wp\/v2\/posts\/2938","targetHints":{"allow":["GET"]}}],"collection":[{"href":"https:\/\/www.radiointeractivo.com.mx\/index.php?rest_route=\/wp\/v2\/posts"}],"about":[{"href":"https:\/\/www.radiointeractivo.com.mx\/index.php?rest_route=\/wp\/v2\/types\/post"}],"author":[{"embeddable":true,"href":"https:\/\/www.radiointeractivo.com.mx\/index.php?rest_route=\/wp\/v2\/users\/1"}],"replies":[{"embeddable":true,"href":"https:\/\/www.radiointeractivo.com.mx\/index.php?rest_route=%2Fwp%2Fv2%2Fcomments&post=2938"}],"version-history":[{"count":2,"href":"https:\/\/www.radiointeractivo.com.mx\/index.php?rest_route=\/wp\/v2\/posts\/2938\/revisions"}],"predecessor-version":[{"id":3196,"href":"https:\/\/www.radiointeractivo.com.mx\/index.php?rest_route=\/wp\/v2\/posts\/2938\/revisions\/3196"}],"wp:featuredmedia":[{"embeddable":true,"href":"https:\/\/www.radiointeractivo.com.mx\/index.php?rest_route=\/wp\/v2\/media\/2939"}],"wp:attachment":[{"href":"https:\/\/www.radiointeractivo.com.mx\/index.php?rest_route=%2Fwp%2Fv2%2Fmedia&parent=2938"}],"wp:term":[{"taxonomy":"category","embeddable":true,"href":"https:\/\/www.radiointeractivo.com.mx\/index.php?rest_route=%2Fwp%2Fv2%2Fcategories&post=2938"},{"taxonomy":"post_tag","embeddable":true,"href":"https:\/\/www.radiointeractivo.com.mx\/index.php?rest_route=%2Fwp%2Fv2%2Ftags&post=2938"}],"curies":[{"name":"wp","href":"https:\/\/api.w.org\/{rel}","templated":true}]}}