{"id":2932,"date":"2023-10-19T22:58:36","date_gmt":"2023-10-20T03:58:36","guid":{"rendered":"https:\/\/www.radiointeractivo.com.mx\/?p=2932"},"modified":"2023-10-26T19:21:13","modified_gmt":"2023-10-27T00:21:13","slug":"inaugura-gobernador-feria-tamaulipas-2023","status":"publish","type":"post","link":"https:\/\/www.radiointeractivo.com.mx\/?p=2932","title":{"rendered":"Inaugura gobernador Feria Tamaulipas 2023"},"content":{"rendered":"\n<figure class=\"wp-block-image size-large\"><img loading=\"lazy\" decoding=\"async\" width=\"1024\" height=\"682\" src=\"https:\/\/www.radiointeractivo.com.mx\/wp-content\/uploads\/2023\/10\/WhatsApp-Image-2023-10-19-at-8.43.17-PM-1024x682.jpeg\" alt=\"\" class=\"wp-image-2933\" srcset=\"https:\/\/www.radiointeractivo.com.mx\/wp-content\/uploads\/2023\/10\/WhatsApp-Image-2023-10-19-at-8.43.17-PM-1024x682.jpeg 1024w, https:\/\/www.radiointeractivo.com.mx\/wp-content\/uploads\/2023\/10\/WhatsApp-Image-2023-10-19-at-8.43.17-PM-300x200.jpeg 300w, https:\/\/www.radiointeractivo.com.mx\/wp-content\/uploads\/2023\/10\/WhatsApp-Image-2023-10-19-at-8.43.17-PM-768x512.jpeg 768w, https:\/\/www.radiointeractivo.com.mx\/wp-content\/uploads\/2023\/10\/WhatsApp-Image-2023-10-19-at-8.43.17-PM-1536x1023.jpeg 1536w, https:\/\/www.radiointeractivo.com.mx\/wp-content\/uploads\/2023\/10\/WhatsApp-Image-2023-10-19-at-8.43.17-PM-310x205.jpeg 310w, https:\/\/www.radiointeractivo.com.mx\/wp-content\/uploads\/2023\/10\/WhatsApp-Image-2023-10-19-at-8.43.17-PM.jpeg 1600w\" sizes=\"auto, (max-width: 1024px) 100vw, 1024px\" \/><\/figure>\n\n\n\n<p>&#8211; Ante miles de familias, Am\u00e9rico Villarreal Anaya convoca a aprovechar estas oportunidades para resarcir el tejido social<\/p>\n\n\n\n<p>Por: Agencias<\/p>\n\n\n\n<p>Ciudad Victoria, Tamaulipas.- La Feria Tamaulipas es un ejemplo m\u00e1s de la voluntad de un estado altivo y heroico, que est\u00e1 dispuesto a afrontar los retos que enfrenta y formar una mejor sociedad para el futuro de las nuevas generaciones, afirm\u00f3 el gobernador Am\u00e9rico Villarreal Anaya.<\/p>\n\n\n\n<p>Al inaugurar la Feria Tamaulipas 2023, la tarde de este jueves, acompa\u00f1ado por la doctora Mar\u00eda Santiago de Villarreal, presidenta del Sistema DIF Tamaulipas, as\u00ed como por presidentes y presidentas municipales, legisladores, empresarios, mandos militares, representantes de la sociedad civil y miles de familias, el gobernador del estado convoc\u00f3 a aprovechar estas oportunidades para resarcir el tejido social.<\/p>\n\n\n\n<p>&#8220;Con esa voluntad y trabajo de todos los aqu\u00ed presentes, a lo largo y ancho de nuestra entidad, sepamos que tenemos esta gran coyuntura y oportunidad para cambiar, para tener un despertar de conciencias y saber que el rumbo que debe de tomar la voluntad y el servir de un ser humano, es muy distinto al que se nos ha venido dando como una realidad cotidiana&#8221;, expres\u00f3.<\/p>\n\n\n\n<p>En su mensaje, antes de cortar el list\u00f3n inaugural, el jefe del Ejecutivo destac\u00f3 tambi\u00e9n la celebraci\u00f3n del Festival Internacional de la Costa del Seno Mexicano, que se celebra a lo largo y ancho de todos los municipios de la entidad y que contribuye a fortalecer la integraci\u00f3n de Tamaulipas, &#8220;para que cada vez nos sintamos m\u00e1s orgullosos de ser tamaulipecos y de ser mexicanos, y que este tipo de actividades las podamos seguir replicando&#8221;, mencion\u00f3.<\/p>\n\n\n\n<p>Agreg\u00f3 que el Gobierno del Estado ha hecho un esfuerzo para ofrecer un espacio digno para el esparcimiento y felicidad a las infancias y contribuir para que recuerden siempre estos momentos que son muy importantes en su etapa de formaci\u00f3n.<\/p>\n\n\n\n<p>Despu\u00e9s del acto protocolario, el gobernador y la presidenta del DIF realizaron un amplio recorrido por las diversas \u00e1reas de la Feria y pudieron constatar los diversos atractivos que se ofrece a las familias tamaulipecas.<\/p>\n\n\n\n<p>Este a\u00f1o, las Secretar\u00edas y organismos del Gobierno de Tamaulipas han puesto a disposici\u00f3n de los asistentes una amplia oferta de servicios y apoyos para la ciudadan\u00eda con una atenci\u00f3n personalizada.<\/p>\n\n\n\n<p>Cabe mencionar que como parte de los atractivos, cartelera art\u00edstica de la Feria Tamaulipas, en el Teatro del Pueblo incluye la presentaci\u00f3n de: Los Invasores de Nuevo Le\u00f3n, Edwin Luna y la Trakalosa de Monterrey, Kumbia Kings, Bely y Beto, Cardenales de Nuevo Le\u00f3n, Mi Banda El Mexicano, Lucha Triple AAA, Liberaci\u00f3n, Sonora Santanera con Mar\u00eda Fernanda, Bobby Pulido y Caifanes.<\/p>\n\n\n\n<p>En el Centro de Espect\u00e1culos est\u00e1 confirmada la actuaci\u00f3n de Mijares.<\/p>\n","protected":false},"excerpt":{"rendered":"<p>&#8211; Ante miles de familias, Am\u00e9rico Villarreal Anaya convoca a aprovechar estas oportunidades para resarcir el tejido social Por: Agencias Ciudad Victoria, Tamaulipas.- La Feria Tamaulipas es un ejemplo m\u00e1s de la voluntad de un estado altivo y heroico, que est\u00e1 dispuesto a afrontar los retos que enfrenta y formar una mejor sociedad para el &hellip;<\/p>\n","protected":false},"author":1,"featured_media":2933,"comment_status":"open","ping_status":"open","sticky":false,"template":"","format":"standard","meta":{"footnotes":""},"categories":[39],"tags":[],"class_list":["post-2932","post","type-post","status-publish","format-standard","has-post-thumbnail","","category-tamaulipas"],"_links":{"self":[{"href":"https:\/\/www.radiointeractivo.com.mx\/index.php?rest_route=\/wp\/v2\/posts\/2932","targetHints":{"allow":["GET"]}}],"collection":[{"href":"https:\/\/www.radiointeractivo.com.mx\/index.php?rest_route=\/wp\/v2\/posts"}],"about":[{"href":"https:\/\/www.radiointeractivo.com.mx\/index.php?rest_route=\/wp\/v2\/types\/post"}],"author":[{"embeddable":true,"href":"https:\/\/www.radiointeractivo.com.mx\/index.php?rest_route=\/wp\/v2\/users\/1"}],"replies":[{"embeddable":true,"href":"https:\/\/www.radiointeractivo.com.mx\/index.php?rest_route=%2Fwp%2Fv2%2Fcomments&post=2932"}],"version-history":[{"count":2,"href":"https:\/\/www.radiointeractivo.com.mx\/index.php?rest_route=\/wp\/v2\/posts\/2932\/revisions"}],"predecessor-version":[{"id":3199,"href":"https:\/\/www.radiointeractivo.com.mx\/index.php?rest_route=\/wp\/v2\/posts\/2932\/revisions\/3199"}],"wp:featuredmedia":[{"embeddable":true,"href":"https:\/\/www.radiointeractivo.com.mx\/index.php?rest_route=\/wp\/v2\/media\/2933"}],"wp:attachment":[{"href":"https:\/\/www.radiointeractivo.com.mx\/index.php?rest_route=%2Fwp%2Fv2%2Fmedia&parent=2932"}],"wp:term":[{"taxonomy":"category","embeddable":true,"href":"https:\/\/www.radiointeractivo.com.mx\/index.php?rest_route=%2Fwp%2Fv2%2Fcategories&post=2932"},{"taxonomy":"post_tag","embeddable":true,"href":"https:\/\/www.radiointeractivo.com.mx\/index.php?rest_route=%2Fwp%2Fv2%2Ftags&post=2932"}],"curies":[{"name":"wp","href":"https:\/\/api.w.org\/{rel}","templated":true}]}}