{"id":2923,"date":"2023-10-19T22:47:44","date_gmt":"2023-10-20T03:47:44","guid":{"rendered":"https:\/\/www.radiointeractivo.com.mx\/?p=2923"},"modified":"2023-10-26T19:22:17","modified_gmt":"2023-10-27T00:22:17","slug":"realiza-sst-mas-de-22-mil-exploraciones-clinicas-de-mama","status":"publish","type":"post","link":"https:\/\/www.radiointeractivo.com.mx\/?p=2923","title":{"rendered":"Realiza SST m\u00e1s de 22 mil exploraciones cl\u00ednicas de mama"},"content":{"rendered":"\n<figure class=\"wp-block-image size-large\"><img loading=\"lazy\" decoding=\"async\" width=\"1024\" height=\"682\" src=\"https:\/\/www.radiointeractivo.com.mx\/wp-content\/uploads\/2023\/10\/WhatsApp-Image-2023-10-19-at-6.04.57-PM-1024x682.jpeg\" alt=\"\" class=\"wp-image-2924\" srcset=\"https:\/\/www.radiointeractivo.com.mx\/wp-content\/uploads\/2023\/10\/WhatsApp-Image-2023-10-19-at-6.04.57-PM-1024x682.jpeg 1024w, https:\/\/www.radiointeractivo.com.mx\/wp-content\/uploads\/2023\/10\/WhatsApp-Image-2023-10-19-at-6.04.57-PM-300x200.jpeg 300w, https:\/\/www.radiointeractivo.com.mx\/wp-content\/uploads\/2023\/10\/WhatsApp-Image-2023-10-19-at-6.04.57-PM-768x512.jpeg 768w, https:\/\/www.radiointeractivo.com.mx\/wp-content\/uploads\/2023\/10\/WhatsApp-Image-2023-10-19-at-6.04.57-PM-1536x1023.jpeg 1536w, https:\/\/www.radiointeractivo.com.mx\/wp-content\/uploads\/2023\/10\/WhatsApp-Image-2023-10-19-at-6.04.57-PM-310x205.jpeg 310w, https:\/\/www.radiointeractivo.com.mx\/wp-content\/uploads\/2023\/10\/WhatsApp-Image-2023-10-19-at-6.04.57-PM.jpeg 1600w\" sizes=\"auto, (max-width: 1024px) 100vw, 1024px\" \/><\/figure>\n\n\n\n<p>Por: Agencias<\/p>\n\n\n\n<p>Ciudad Victoria, Tamaulipas.- Hoy se conmemora el D\u00eda Mundial de la Lucha contra el C\u00e1ncer de Mama y este a\u00f1o las acciones se enfocan en el lema \u201cYo Act\u00fao Contra el C\u00e1ncer de Mama\u201d.<\/p>\n\n\n\n<p>Al respecto, el secretario de Salud, Vicente Joel Hern\u00e1ndez Navarro, mencion\u00f3 que el c\u00e1ncer de mama es el tipo de patolog\u00eda m\u00e1s frecuente en mujeres a nivel mundial y en Tamaulipas, la dependencia estatal ha realizado m\u00e1s de 22 mil exploraciones cl\u00ednicas de mama en lo que va de este a\u00f1o.<\/p>\n\n\n\n<p>Dijo que al ser un problema serio de salud p\u00fablica y una de las patolog\u00edas m\u00e1s sentidas entre la poblaci\u00f3n femenina, sin dejar de lado que este padecimiento tambi\u00e9n afecta a los hombres; el gobernador Am\u00e9rico Villarreal Anaya, destina los recursos necesarios para atender este tipo de padecimientos que puede ser curable si se detecta a tiempo.<\/p>\n\n\n\n<p>\u201cLas recomendaciones se centran a disminuir los factores de riesgo modificando los estilos de vida, realizar la autoexploraci\u00f3n y acudir de manera peri\u00f3dica al m\u00e9dico\u201d, agreg\u00f3.<\/p>\n\n\n\n<p>Inform\u00f3 que las unidades de la Secretar\u00eda de Salud, reportan que en lo que va de este a\u00f1o se han realizado m\u00e1s de 9 mil mastograf\u00edas; a mil 550 mujeres se les realiz\u00f3 estudio complementario por ultrasonido; se han realizado 156 biopsias y se han detectado 119 casos nuevos de c\u00e1ncer de mama de los cuales un caso se ha confirmado en hombre y 113 son atendidos en el Centro Oncol\u00f3gico de Victoria y Nuevo Laredo.<\/p>\n\n\n\n<p>Cabe destacar que el c\u00e1ncer de mama es curable si detecta a tiempo y realizar acciones de prevenci\u00f3n permiten disminuir los factores de riesgo y la incidencia de casos, por ello se promueve llevar estilos de vida saludable como: realizar actividad f\u00edsica todos los d\u00edas de 30 a 60 minutos, incrementar el consumo de agua, frutas y verduras y disminuir el consumo de alimentos procesados altos en grasas y azucares, as\u00ed como disuadir el consumo de alcohol y tabaco.<\/p>\n\n\n\n<p>En este d\u00eda, nos enfocamos a sensibilizar sobre la importancia de la detecci\u00f3n temprana y difundir los mensajes como: Observa, toca y siente, \u00a1Si hay alg\u00fan cambio inf\u00f3rmaselo a tu m\u00e9dico! Si tienes 25 a\u00f1os, acude a que te revisen tus mamas. \u00bfTienes entre 40 a 69 a\u00f1os?, pide que te realicen la mastograf\u00eda.<\/p>\n","protected":false},"excerpt":{"rendered":"<p>Por: Agencias Ciudad Victoria, Tamaulipas.- Hoy se conmemora el D\u00eda Mundial de la Lucha contra el C\u00e1ncer de Mama y este a\u00f1o las acciones se enfocan en el lema \u201cYo Act\u00fao Contra el C\u00e1ncer de Mama\u201d. Al respecto, el secretario de Salud, Vicente Joel Hern\u00e1ndez Navarro, mencion\u00f3 que el c\u00e1ncer de mama es el tipo &hellip;<\/p>\n","protected":false},"author":1,"featured_media":2924,"comment_status":"open","ping_status":"open","sticky":false,"template":"","format":"standard","meta":{"footnotes":""},"categories":[39],"tags":[],"class_list":["post-2923","post","type-post","status-publish","format-standard","has-post-thumbnail","","category-tamaulipas"],"_links":{"self":[{"href":"https:\/\/www.radiointeractivo.com.mx\/index.php?rest_route=\/wp\/v2\/posts\/2923","targetHints":{"allow":["GET"]}}],"collection":[{"href":"https:\/\/www.radiointeractivo.com.mx\/index.php?rest_route=\/wp\/v2\/posts"}],"about":[{"href":"https:\/\/www.radiointeractivo.com.mx\/index.php?rest_route=\/wp\/v2\/types\/post"}],"author":[{"embeddable":true,"href":"https:\/\/www.radiointeractivo.com.mx\/index.php?rest_route=\/wp\/v2\/users\/1"}],"replies":[{"embeddable":true,"href":"https:\/\/www.radiointeractivo.com.mx\/index.php?rest_route=%2Fwp%2Fv2%2Fcomments&post=2923"}],"version-history":[{"count":2,"href":"https:\/\/www.radiointeractivo.com.mx\/index.php?rest_route=\/wp\/v2\/posts\/2923\/revisions"}],"predecessor-version":[{"id":3202,"href":"https:\/\/www.radiointeractivo.com.mx\/index.php?rest_route=\/wp\/v2\/posts\/2923\/revisions\/3202"}],"wp:featuredmedia":[{"embeddable":true,"href":"https:\/\/www.radiointeractivo.com.mx\/index.php?rest_route=\/wp\/v2\/media\/2924"}],"wp:attachment":[{"href":"https:\/\/www.radiointeractivo.com.mx\/index.php?rest_route=%2Fwp%2Fv2%2Fmedia&parent=2923"}],"wp:term":[{"taxonomy":"category","embeddable":true,"href":"https:\/\/www.radiointeractivo.com.mx\/index.php?rest_route=%2Fwp%2Fv2%2Fcategories&post=2923"},{"taxonomy":"post_tag","embeddable":true,"href":"https:\/\/www.radiointeractivo.com.mx\/index.php?rest_route=%2Fwp%2Fv2%2Ftags&post=2923"}],"curies":[{"name":"wp","href":"https:\/\/api.w.org\/{rel}","templated":true}]}}