{"id":2914,"date":"2023-10-19T22:40:20","date_gmt":"2023-10-20T03:40:20","guid":{"rendered":"https:\/\/www.radiointeractivo.com.mx\/?p=2914"},"modified":"2023-10-26T19:23:06","modified_gmt":"2023-10-27T00:23:06","slug":"tamaulipas-y-la-union-europea-exploran-oportunidades-de-inversion-en-seminario-conjunto","status":"publish","type":"post","link":"https:\/\/www.radiointeractivo.com.mx\/?p=2914","title":{"rendered":"Tamaulipas y la Uni\u00f3n Europea exploran oportunidades de inversi\u00f3n en seminario conjunto"},"content":{"rendered":"\n<figure class=\"wp-block-image size-full\"><img loading=\"lazy\" decoding=\"async\" width=\"866\" height=\"649\" src=\"https:\/\/www.radiointeractivo.com.mx\/wp-content\/uploads\/2023\/10\/WhatsApp-Image-2023-10-19-at-5.47.20-PM.jpeg\" alt=\"\" class=\"wp-image-2915\" srcset=\"https:\/\/www.radiointeractivo.com.mx\/wp-content\/uploads\/2023\/10\/WhatsApp-Image-2023-10-19-at-5.47.20-PM.jpeg 866w, https:\/\/www.radiointeractivo.com.mx\/wp-content\/uploads\/2023\/10\/WhatsApp-Image-2023-10-19-at-5.47.20-PM-300x225.jpeg 300w, https:\/\/www.radiointeractivo.com.mx\/wp-content\/uploads\/2023\/10\/WhatsApp-Image-2023-10-19-at-5.47.20-PM-768x576.jpeg 768w\" sizes=\"auto, (max-width: 866px) 100vw, 866px\" \/><\/figure>\n\n\n\n<p>&#8211; Secretar\u00eda de Econom\u00eda y Embajada organizan Seminario de Oportunidades de Inversi\u00f3n en Tamaulipas, dirigido a las C\u00e1maras Empresariales de la Uni\u00f3n Europea<\/p>\n\n\n\n<p>Por: Agencias<\/p>\n\n\n\n<p>Ciudad de M\u00e9xico.- La Secretar\u00eda de Econom\u00eda en colaboraci\u00f3n con la Embajada de la Uni\u00f3n Europea en M\u00e9xico, llevaron a cabo el Seminario de Oportunidades de Inversi\u00f3n en Tamaulipas, dirigido a las C\u00e1maras Empresariales de la Uni\u00f3n Europea con el objetivo de presentar las ventajas competitivas y las oportunidades que ofrece la entidad para la inversi\u00f3n y el desarrollo de negocios.<\/p>\n\n\n\n<p>Ninfa Cant\u00fa De\u00e1ndar, secretaria de Econom\u00eda dio a conocer que la promoci\u00f3n econ\u00f3mica del estado es una de las tareas prioritarias instruida por el gobernador Am\u00e9rico Villarreal Anaya, para atraer inversi\u00f3n que genere empleos de calidad y mejore el bienestar de las familias tamaulipecas.<\/p>\n\n\n\n<p>El seminario cont\u00f3 con la distinguida presencia de embajadores de pa\u00edses miembros de la Uni\u00f3n Europea en M\u00e9xico, c\u00f3nsules, consejeros de comercio de la representaci\u00f3n diplom\u00e1tica, representantes de C\u00e1maras de Comercio de la Uni\u00f3n Europea y empresarios con quienes exploran las oportunidades de inversi\u00f3n en sectores estrat\u00e9gicos y el entorno propicio para el desarrollo de negocios que ofrece Tamaulipas, respaldado por su infraestructura, su ubicaci\u00f3n estrat\u00e9gica y el capital humano calificado, indic\u00f3.<\/p>\n\n\n\n<p>Destac\u00f3 el apoyo y la colaboraci\u00f3n del excelent\u00edsimo Gautier Mignot, embajador de la Uni\u00f3n Europea en M\u00e9xico y del presidente de la EUROCAM, Antonio Basagoiti para hacer posible este encuentro.<\/p>\n\n\n\n<p>Por el Gobierno de Tamaulipas participaron en este seminario, el secretario de Recursos Hidr\u00e1ulicos para el Desarrollo Social, Ra\u00fal Quiroga; el vocero de Seguridad, Jorge Cu\u00e9llar y en representaci\u00f3n del secretario de Desarrollo Energ\u00e9tico Jos\u00e9 Ram\u00f3n Silva, el subsecretario de Proyectos e Inversi\u00f3n Jaime Jim\u00e9nez Viacobo, quienes compartieron el potencial de inversi\u00f3n y las fortalezas del estado desde sus respectivos \u00e1mbitos de competencia.<\/p>\n\n\n\n<p>Cabe destacar que en Tamaulipas operan 37 empresas de pa\u00edses de la Uni\u00f3n Europea con inversiones por 1,572 millones de d\u00f3lares en sectores como de manufactura, qu\u00edmico \u2013 petroqu\u00edmico y energ\u00edas renovables.<\/p>\n","protected":false},"excerpt":{"rendered":"<p>&#8211; Secretar\u00eda de Econom\u00eda y Embajada organizan Seminario de Oportunidades de Inversi\u00f3n en Tamaulipas, dirigido a las C\u00e1maras Empresariales de la Uni\u00f3n Europea Por: Agencias Ciudad de M\u00e9xico.- La Secretar\u00eda de Econom\u00eda en colaboraci\u00f3n con la Embajada de la Uni\u00f3n Europea en M\u00e9xico, llevaron a cabo el Seminario de Oportunidades de Inversi\u00f3n en Tamaulipas, dirigido &hellip;<\/p>\n","protected":false},"author":1,"featured_media":2915,"comment_status":"open","ping_status":"open","sticky":false,"template":"","format":"standard","meta":{"footnotes":""},"categories":[39],"tags":[],"class_list":["post-2914","post","type-post","status-publish","format-standard","has-post-thumbnail","","category-tamaulipas"],"_links":{"self":[{"href":"https:\/\/www.radiointeractivo.com.mx\/index.php?rest_route=\/wp\/v2\/posts\/2914","targetHints":{"allow":["GET"]}}],"collection":[{"href":"https:\/\/www.radiointeractivo.com.mx\/index.php?rest_route=\/wp\/v2\/posts"}],"about":[{"href":"https:\/\/www.radiointeractivo.com.mx\/index.php?rest_route=\/wp\/v2\/types\/post"}],"author":[{"embeddable":true,"href":"https:\/\/www.radiointeractivo.com.mx\/index.php?rest_route=\/wp\/v2\/users\/1"}],"replies":[{"embeddable":true,"href":"https:\/\/www.radiointeractivo.com.mx\/index.php?rest_route=%2Fwp%2Fv2%2Fcomments&post=2914"}],"version-history":[{"count":2,"href":"https:\/\/www.radiointeractivo.com.mx\/index.php?rest_route=\/wp\/v2\/posts\/2914\/revisions"}],"predecessor-version":[{"id":3204,"href":"https:\/\/www.radiointeractivo.com.mx\/index.php?rest_route=\/wp\/v2\/posts\/2914\/revisions\/3204"}],"wp:featuredmedia":[{"embeddable":true,"href":"https:\/\/www.radiointeractivo.com.mx\/index.php?rest_route=\/wp\/v2\/media\/2915"}],"wp:attachment":[{"href":"https:\/\/www.radiointeractivo.com.mx\/index.php?rest_route=%2Fwp%2Fv2%2Fmedia&parent=2914"}],"wp:term":[{"taxonomy":"category","embeddable":true,"href":"https:\/\/www.radiointeractivo.com.mx\/index.php?rest_route=%2Fwp%2Fv2%2Fcategories&post=2914"},{"taxonomy":"post_tag","embeddable":true,"href":"https:\/\/www.radiointeractivo.com.mx\/index.php?rest_route=%2Fwp%2Fv2%2Ftags&post=2914"}],"curies":[{"name":"wp","href":"https:\/\/api.w.org\/{rel}","templated":true}]}}