{"id":2898,"date":"2023-10-19T15:55:50","date_gmt":"2023-10-19T20:55:50","guid":{"rendered":"https:\/\/www.radiointeractivo.com.mx\/?p=2898"},"modified":"2023-10-26T19:25:21","modified_gmt":"2023-10-27T00:25:21","slug":"enamora-la-maga-de-cortazar-a-los-asistentes-al-festival-de-la-costa-del-seno-mexicano","status":"publish","type":"post","link":"https:\/\/www.radiointeractivo.com.mx\/?p=2898","title":{"rendered":"Enamora \u201cLa Maga de Cort\u00e1zar\u201d a los asistentes al Festival de la Costa del Seno Mexicano"},"content":{"rendered":"\n<figure class=\"wp-block-image size-large\"><img loading=\"lazy\" decoding=\"async\" width=\"1024\" height=\"683\" src=\"https:\/\/www.radiointeractivo.com.mx\/wp-content\/uploads\/2023\/10\/WhatsApp-Image-2023-10-19-at-2.05.35-PM-1024x683.jpeg\" alt=\"\" class=\"wp-image-2899\" srcset=\"https:\/\/www.radiointeractivo.com.mx\/wp-content\/uploads\/2023\/10\/WhatsApp-Image-2023-10-19-at-2.05.35-PM-1024x683.jpeg 1024w, https:\/\/www.radiointeractivo.com.mx\/wp-content\/uploads\/2023\/10\/WhatsApp-Image-2023-10-19-at-2.05.35-PM-300x200.jpeg 300w, https:\/\/www.radiointeractivo.com.mx\/wp-content\/uploads\/2023\/10\/WhatsApp-Image-2023-10-19-at-2.05.35-PM-768x512.jpeg 768w, https:\/\/www.radiointeractivo.com.mx\/wp-content\/uploads\/2023\/10\/WhatsApp-Image-2023-10-19-at-2.05.35-PM.jpeg 1440w\" sizes=\"auto, (max-width: 1024px) 100vw, 1024px\" \/><\/figure>\n\n\n\n<p>Por: Agencias<\/p>\n\n\n\n<p>Ciudad Victoria, Tamaulipas. Inspirado en Rayuela del escritor argentino Julio Cort\u00e1zar, una de las obras cumbre de la literatura latinoamericana, este mi\u00e9rcoles se present\u00f3 el show de tango \u201cLa Maga de Cort\u00e1zar\u201d, en el Teatro Amalia Gonz\u00e1lez Caballero de Castillo Led\u00f3n del Centro Cultural Tamaulipas, como parte del XXI Festival Internacional de la Costa del Seno Mexicano, organizado por el Instituto Tamaulipeco para la Cultura y las Artes.<\/p>\n\n\n\n<p>Un grupo de ocho bailarines y un cantante, acompa\u00f1ados por el Quinteto Leopoldo Federico, llevaron a los espectadores a recorrer las p\u00e1ginas de Rayuela, centrados en la historia del enigm\u00e1tico, inocente y misterioso personaje de la Maga.<\/p>\n\n\n\n<p>La m\u00fasica del bandone\u00f3n, el contrabajo, el piano, la viola y la guitarra, as\u00ed como la danza sensual y emocional de las y los bailarines, levantaron de su asiento a los asistentes en m\u00e1s de una ocasi\u00f3n para brindar un fuerte aplauso.<\/p>\n\n\n\n<p>El teatro Amalia Gonz\u00e1lez Caballero de Castillo Led\u00f3n nuevamente registr\u00f3 un lleno durante la presentaci\u00f3n de este tango, cuyo acceso fue gratuito.<\/p>\n\n\n\n<p>En el marco del XXI Festival Internacional de la Costa del Seno Mexicano, el show de tango \u201cLa Maga de Cort\u00e1zar ha realizado presentaciones Nuevo Laredo, Reynosa, Matamoros y Victoria, cerrando su participaci\u00f3n en la gran fiesta del arte y la cultura en el municipio de Tampico este jueves.<\/p>\n","protected":false},"excerpt":{"rendered":"<p>Por: Agencias Ciudad Victoria, Tamaulipas. Inspirado en Rayuela del escritor argentino Julio Cort\u00e1zar, una de las obras cumbre de la literatura latinoamericana, este mi\u00e9rcoles se present\u00f3 el show de tango \u201cLa Maga de Cort\u00e1zar\u201d, en el Teatro Amalia Gonz\u00e1lez Caballero de Castillo Led\u00f3n del Centro Cultural Tamaulipas, como parte del XXI Festival Internacional de la &hellip;<\/p>\n","protected":false},"author":1,"featured_media":2899,"comment_status":"open","ping_status":"open","sticky":false,"template":"","format":"standard","meta":{"footnotes":""},"categories":[39],"tags":[],"class_list":["post-2898","post","type-post","status-publish","format-standard","has-post-thumbnail","","category-tamaulipas"],"_links":{"self":[{"href":"https:\/\/www.radiointeractivo.com.mx\/index.php?rest_route=\/wp\/v2\/posts\/2898","targetHints":{"allow":["GET"]}}],"collection":[{"href":"https:\/\/www.radiointeractivo.com.mx\/index.php?rest_route=\/wp\/v2\/posts"}],"about":[{"href":"https:\/\/www.radiointeractivo.com.mx\/index.php?rest_route=\/wp\/v2\/types\/post"}],"author":[{"embeddable":true,"href":"https:\/\/www.radiointeractivo.com.mx\/index.php?rest_route=\/wp\/v2\/users\/1"}],"replies":[{"embeddable":true,"href":"https:\/\/www.radiointeractivo.com.mx\/index.php?rest_route=%2Fwp%2Fv2%2Fcomments&post=2898"}],"version-history":[{"count":2,"href":"https:\/\/www.radiointeractivo.com.mx\/index.php?rest_route=\/wp\/v2\/posts\/2898\/revisions"}],"predecessor-version":[{"id":3210,"href":"https:\/\/www.radiointeractivo.com.mx\/index.php?rest_route=\/wp\/v2\/posts\/2898\/revisions\/3210"}],"wp:featuredmedia":[{"embeddable":true,"href":"https:\/\/www.radiointeractivo.com.mx\/index.php?rest_route=\/wp\/v2\/media\/2899"}],"wp:attachment":[{"href":"https:\/\/www.radiointeractivo.com.mx\/index.php?rest_route=%2Fwp%2Fv2%2Fmedia&parent=2898"}],"wp:term":[{"taxonomy":"category","embeddable":true,"href":"https:\/\/www.radiointeractivo.com.mx\/index.php?rest_route=%2Fwp%2Fv2%2Fcategories&post=2898"},{"taxonomy":"post_tag","embeddable":true,"href":"https:\/\/www.radiointeractivo.com.mx\/index.php?rest_route=%2Fwp%2Fv2%2Ftags&post=2898"}],"curies":[{"name":"wp","href":"https:\/\/api.w.org\/{rel}","templated":true}]}}