{"id":2895,"date":"2023-10-19T15:49:32","date_gmt":"2023-10-19T20:49:32","guid":{"rendered":"https:\/\/www.radiointeractivo.com.mx\/?p=2895"},"modified":"2023-10-19T15:49:33","modified_gmt":"2023-10-19T20:49:33","slug":"inicia-cierre-de-vialidades-por-construccion-de-puente-vehicular","status":"publish","type":"post","link":"https:\/\/www.radiointeractivo.com.mx\/?p=2895","title":{"rendered":"INICIA CIERRE DE VIALIDADES POR CONSTRUCCI\u00d3N DE PUENTE VEHICULAR"},"content":{"rendered":"\n<p>Por: Staff | #NuevoLaredo #Tamaulipas<\/p>\n\n\n\n<p>Debido al avance de la construcci\u00f3n del paso superior vehicular al poniente de la ciudad y por motivos de seguridad, el Gobierno Municipal informa a la ciudadan\u00eda el cierre temporal de la calle Eva S\u00e1mano, a la altura del cruce en Calzada de los H\u00e9roes.<\/p>\n\n\n\n<p>Para evitar contratiempos y que trabajadores y vecinos del sector puedan llegar a su destino, el gobierno municipal dise\u00f1\u00f3 las siguientes rutas:<\/p>\n\n\n\n<p>De norte a sur: desde Eva S\u00e1mano hasta Guatemala, luego al oeste hasta Calzada de los H\u00e9roes. Los automovilistas cruzar\u00e1n Calzada de los H\u00e9roes por debajo del puente, retornar\u00e1n media cuadra para tomar la calle Habana hac\u00eda el sur hasta llegar al Bulevar An\u00e1huac, donde girar\u00e1n al oriente para llegar nuevamente a Eva S\u00e1mano y continuar su camino.<\/p>\n\n\n\n<p>Ruta de sur a norte: al circular por Eva S\u00e1mano, los conductores girar\u00e1n hacia el oriente en la calle Jaumave, pasar\u00e1n la rotonda hasta llegar al Bulevar \u00c1vila Camacho y de all\u00ed al norte en direcci\u00f3n a la Calzada de los H\u00e9roes. Al llegar, girar\u00e1n al oriente para llegar a Francisco Munguia y retornar a Calzada de los H\u00e9roes por la v\u00eda lateral en direcci\u00f3n al poniente hasta llegar nuevamente a Eva S\u00e1mano.<\/p>\n","protected":false},"excerpt":{"rendered":"<p>Por: Staff | #NuevoLaredo #Tamaulipas Debido al avance de la construcci\u00f3n del paso superior vehicular al poniente de la ciudad y por motivos de seguridad, el Gobierno Municipal informa a la ciudadan\u00eda el cierre temporal de la calle Eva S\u00e1mano, a la altura del cruce en Calzada de los H\u00e9roes. Para evitar contratiempos y que &hellip;<\/p>\n","protected":false},"author":1,"featured_media":2896,"comment_status":"open","ping_status":"open","sticky":false,"template":"","format":"standard","meta":{"footnotes":""},"categories":[38],"tags":[],"class_list":["post-2895","post","type-post","status-publish","format-standard","has-post-thumbnail","","category-nuevo-laredo"],"_links":{"self":[{"href":"https:\/\/www.radiointeractivo.com.mx\/index.php?rest_route=\/wp\/v2\/posts\/2895","targetHints":{"allow":["GET"]}}],"collection":[{"href":"https:\/\/www.radiointeractivo.com.mx\/index.php?rest_route=\/wp\/v2\/posts"}],"about":[{"href":"https:\/\/www.radiointeractivo.com.mx\/index.php?rest_route=\/wp\/v2\/types\/post"}],"author":[{"embeddable":true,"href":"https:\/\/www.radiointeractivo.com.mx\/index.php?rest_route=\/wp\/v2\/users\/1"}],"replies":[{"embeddable":true,"href":"https:\/\/www.radiointeractivo.com.mx\/index.php?rest_route=%2Fwp%2Fv2%2Fcomments&post=2895"}],"version-history":[{"count":1,"href":"https:\/\/www.radiointeractivo.com.mx\/index.php?rest_route=\/wp\/v2\/posts\/2895\/revisions"}],"predecessor-version":[{"id":2897,"href":"https:\/\/www.radiointeractivo.com.mx\/index.php?rest_route=\/wp\/v2\/posts\/2895\/revisions\/2897"}],"wp:featuredmedia":[{"embeddable":true,"href":"https:\/\/www.radiointeractivo.com.mx\/index.php?rest_route=\/wp\/v2\/media\/2896"}],"wp:attachment":[{"href":"https:\/\/www.radiointeractivo.com.mx\/index.php?rest_route=%2Fwp%2Fv2%2Fmedia&parent=2895"}],"wp:term":[{"taxonomy":"category","embeddable":true,"href":"https:\/\/www.radiointeractivo.com.mx\/index.php?rest_route=%2Fwp%2Fv2%2Fcategories&post=2895"},{"taxonomy":"post_tag","embeddable":true,"href":"https:\/\/www.radiointeractivo.com.mx\/index.php?rest_route=%2Fwp%2Fv2%2Ftags&post=2895"}],"curies":[{"name":"wp","href":"https:\/\/api.w.org\/{rel}","templated":true}]}}