{"id":2892,"date":"2023-10-19T15:28:16","date_gmt":"2023-10-19T20:28:16","guid":{"rendered":"https:\/\/www.radiointeractivo.com.mx\/?p=2892"},"modified":"2023-10-19T15:28:17","modified_gmt":"2023-10-19T20:28:17","slug":"burocratas-recibiran-vales-de-despensa-de-fin-de-ano-y-fiestas-navidenas","status":"publish","type":"post","link":"https:\/\/www.radiointeractivo.com.mx\/?p=2892","title":{"rendered":"Bur\u00f3cratas recibir\u00e1n vales de despensa de fin de a\u00f1o y fiestas navide\u00f1as"},"content":{"rendered":"\n<p>-Hay un incremento de 400 pesos m\u00e1s de lo que recibi\u00f3 cada trabajador el a\u00f1o pasado.<\/p>\n\n\n\n<p>Por: Fernanda Valtierra Hern\u00e1ndez | #NuevoLaredo #Tamaulipas<\/p>\n\n\n\n<p>Nuevo Laredo, Tamaulipas. A 19 de octubre del 2023.- Ser\u00e1 a partir del mes de diciembre, cuando bur\u00f3cratas reciban vales de despensa de fin de a\u00f1o y fiestas navide\u00f1as a trav\u00e9s de una tarjeta electr\u00f3nica; con un incremento de 400 pesos m\u00e1s que lo recibi\u00f3 cada trabajador el a\u00f1o pasado, se\u00f1al\u00f3 el Secretario General de la FETSE en Nuevo Laredo, Benjam\u00edn Garc\u00eda Mar\u00edn.<\/p>\n\n\n\n<p>\u201cPara comentar a mis compa\u00f1eros federados, que en oficio signado por nuestro l\u00edder nacional en Licenciado Joel Ayala y remitido por nuestra dirigente estatal la Licenciada Alma Rosa Escobar, nos informan la determinaci\u00f3n del monto de las medidas de fin de a\u00f1o, mejor conocida como los vales de despensa\u201d declar\u00f3 Benjam\u00edn Garc\u00eda Mar\u00edn.<\/p>\n\n\n\n<p>Los vales de despensa se entregar\u00e1n en una sola exhibici\u00f3n al personal operativo afiliado a la FSTSE en activo a partir del mes de diciembre.<\/p>\n\n\n\n<p>\u201cSe estar\u00e1n entregando en el mes de diciembre, cada dependencia tiene diferentes fechas, pero es en el mes de diciembre cuando deber\u00e1n entregarse las tarjetas, hay un incremento de 400 pesos m\u00e1s de lo que recibi\u00f3 cada trabajador el a\u00f1o pasado\u201d a\u00f1adi\u00f3 el Secretario General.<\/p>\n\n\n\n<p>Benjam\u00edn Garc\u00eda Mar\u00edn exhorta a los trabajadores que est\u00e9n al pendiente de cada una de las dependencias a trav\u00e9s de los Secretarios Generales o Delegados Sindicales, a fin de estar en sinergia con Recursos Financieros y Recursos Humanos.<\/p>\n\n\n\n<p>\u201cSon vales de despensa que se otorgan a trav\u00e9s de una tarjeta electr\u00f3nica, que es de mucha ayuda para los compa\u00f1eros trabajadores, recordemos que en el mes de noviembre se adelanta el 50 % del aguinaldo, as\u00ed que en diciembre el trabajador cuenta con las dos quincenas de su sueldo y el resto del aguinaldo\u201d agreg\u00f3 Garc\u00eda Mar\u00edn.<\/p>\n\n\n\n<p>En un comunicado a nivel nacional, se dio a conocer que las negociaciones con el subsecretario de egresos de la Secretaria de Hacienda y Cr\u00e9dito P\u00fablico, Juan Pablo de Botton Falc\u00f3n, llegaron a lo que denomin\u00f3 acuerdo \u201campliamente satisfactorio\u201d.<\/p>\n","protected":false},"excerpt":{"rendered":"<p>-Hay un incremento de 400 pesos m\u00e1s de lo que recibi\u00f3 cada trabajador el a\u00f1o pasado. Por: Fernanda Valtierra Hern\u00e1ndez | #NuevoLaredo #Tamaulipas Nuevo Laredo, Tamaulipas. A 19 de octubre del 2023.- Ser\u00e1 a partir del mes de diciembre, cuando bur\u00f3cratas reciban vales de despensa de fin de a\u00f1o y fiestas navide\u00f1as a trav\u00e9s de &hellip;<\/p>\n","protected":false},"author":1,"featured_media":2893,"comment_status":"open","ping_status":"open","sticky":false,"template":"","format":"standard","meta":{"footnotes":""},"categories":[38],"tags":[],"class_list":["post-2892","post","type-post","status-publish","format-standard","has-post-thumbnail","","category-nuevo-laredo"],"_links":{"self":[{"href":"https:\/\/www.radiointeractivo.com.mx\/index.php?rest_route=\/wp\/v2\/posts\/2892","targetHints":{"allow":["GET"]}}],"collection":[{"href":"https:\/\/www.radiointeractivo.com.mx\/index.php?rest_route=\/wp\/v2\/posts"}],"about":[{"href":"https:\/\/www.radiointeractivo.com.mx\/index.php?rest_route=\/wp\/v2\/types\/post"}],"author":[{"embeddable":true,"href":"https:\/\/www.radiointeractivo.com.mx\/index.php?rest_route=\/wp\/v2\/users\/1"}],"replies":[{"embeddable":true,"href":"https:\/\/www.radiointeractivo.com.mx\/index.php?rest_route=%2Fwp%2Fv2%2Fcomments&post=2892"}],"version-history":[{"count":1,"href":"https:\/\/www.radiointeractivo.com.mx\/index.php?rest_route=\/wp\/v2\/posts\/2892\/revisions"}],"predecessor-version":[{"id":2894,"href":"https:\/\/www.radiointeractivo.com.mx\/index.php?rest_route=\/wp\/v2\/posts\/2892\/revisions\/2894"}],"wp:featuredmedia":[{"embeddable":true,"href":"https:\/\/www.radiointeractivo.com.mx\/index.php?rest_route=\/wp\/v2\/media\/2893"}],"wp:attachment":[{"href":"https:\/\/www.radiointeractivo.com.mx\/index.php?rest_route=%2Fwp%2Fv2%2Fmedia&parent=2892"}],"wp:term":[{"taxonomy":"category","embeddable":true,"href":"https:\/\/www.radiointeractivo.com.mx\/index.php?rest_route=%2Fwp%2Fv2%2Fcategories&post=2892"},{"taxonomy":"post_tag","embeddable":true,"href":"https:\/\/www.radiointeractivo.com.mx\/index.php?rest_route=%2Fwp%2Fv2%2Ftags&post=2892"}],"curies":[{"name":"wp","href":"https:\/\/api.w.org\/{rel}","templated":true}]}}