{"id":2889,"date":"2023-10-19T15:18:51","date_gmt":"2023-10-19T20:18:51","guid":{"rendered":"https:\/\/www.radiointeractivo.com.mx\/?p=2889"},"modified":"2023-10-19T15:18:52","modified_gmt":"2023-10-19T20:18:52","slug":"recibe-nuevo-laredo-delegacion-empresarial-de-morelia-y-queretaro","status":"publish","type":"post","link":"https:\/\/www.radiointeractivo.com.mx\/?p=2889","title":{"rendered":"RECIBE NUEVO LAREDO DELEGACI\u00d3N EMPRESARIAL DE MORELIA Y QUER\u00c9TARO"},"content":{"rendered":"\n<p>Por: Staff | #NuevoLaredo #Tamaulipas<\/p>\n\n\n\n<p>Con la finalidad de promover las ventajas competitivas de Nuevo Laredo, una delegaci\u00f3n de Morelia y Quer\u00e9taro se reuni\u00f3 con autoridades municipales y representantes del sector productivo para concretar alianzas estrat\u00e9gicas que impulsen el desarrollo econ\u00f3mico del municipio.<\/p>\n\n\n\n<p>En la junta de trabajo, visitantes y locales intercambiaron ideas y expusieron las ventajas de cada regi\u00f3n.<\/p>\n\n\n\n<p>En representaci\u00f3n de la alcaldesa Carmen Lilia Canturosas Villarreal, acudi\u00f3 el secretario municipal de Desarrollo Econ\u00f3mico, Juan \u00c1ngel Mart\u00ednez Salazar, quien destac\u00f3 que los representantes empresariales morelianos y queretanos culminaron la reuni\u00f3n con una grata impresi\u00f3n del movimiento comercial existente en esta ciudad fronteriza.<\/p>\n\n\n\n<p>\u201cNuevo Laredo es una tierra de oportunidades y trabajamos para hacer a\u00fan m\u00e1s favorables las condiciones para invertir en este municipio porque sabemos que el desarrollo econ\u00f3mico de la ciudad propiciar\u00e1 m\u00e1s empleos y una mejor calidad de vida para los neolaredenses\u201d, se\u00f1al\u00f3.<\/p>\n\n\n\n<p>Reiter\u00f3 que Nuevo Laredo representa una buena oportunidad para los inversionistas y que el Gobierno Municipal es facilitador para cristalizar la llegada de nuevos negocios, adem\u00e1s de que se establecer\u00e1 una agenda de trabajo para pr\u00f3ximas reuniones con esta misi\u00f3n empresarial.<\/p>\n\n\n\n<p>Durante esta reuni\u00f3n, estuvieron presentes tambi\u00e9n, el encargado del ICCE, Iv\u00e1n Torres Macario, 14 empresarios de los Dos Laredos y ocho autoridades de Morelia y Quer\u00e9taro.<\/p>\n\n\n\n<p>En mayo de este a\u00f1o, m\u00e1s de 30 representantes empresariales e industriales jaliscienses acudieron a Nuevo Laredo con el objetivo de concretar inversiones en las ramas comercial, industrial y residencial. Esto debido a un convenio de colaboraci\u00f3n econ\u00f3mica que firmaron el Gobierno Municipal y el del Estado de Jalisco.<\/p>\n","protected":false},"excerpt":{"rendered":"<p>Por: Staff | #NuevoLaredo #Tamaulipas Con la finalidad de promover las ventajas competitivas de Nuevo Laredo, una delegaci\u00f3n de Morelia y Quer\u00e9taro se reuni\u00f3 con autoridades municipales y representantes del sector productivo para concretar alianzas estrat\u00e9gicas que impulsen el desarrollo econ\u00f3mico del municipio. En la junta de trabajo, visitantes y locales intercambiaron ideas y expusieron &hellip;<\/p>\n","protected":false},"author":1,"featured_media":2890,"comment_status":"open","ping_status":"open","sticky":false,"template":"","format":"standard","meta":{"footnotes":""},"categories":[38],"tags":[],"class_list":["post-2889","post","type-post","status-publish","format-standard","has-post-thumbnail","","category-nuevo-laredo"],"_links":{"self":[{"href":"https:\/\/www.radiointeractivo.com.mx\/index.php?rest_route=\/wp\/v2\/posts\/2889","targetHints":{"allow":["GET"]}}],"collection":[{"href":"https:\/\/www.radiointeractivo.com.mx\/index.php?rest_route=\/wp\/v2\/posts"}],"about":[{"href":"https:\/\/www.radiointeractivo.com.mx\/index.php?rest_route=\/wp\/v2\/types\/post"}],"author":[{"embeddable":true,"href":"https:\/\/www.radiointeractivo.com.mx\/index.php?rest_route=\/wp\/v2\/users\/1"}],"replies":[{"embeddable":true,"href":"https:\/\/www.radiointeractivo.com.mx\/index.php?rest_route=%2Fwp%2Fv2%2Fcomments&post=2889"}],"version-history":[{"count":1,"href":"https:\/\/www.radiointeractivo.com.mx\/index.php?rest_route=\/wp\/v2\/posts\/2889\/revisions"}],"predecessor-version":[{"id":2891,"href":"https:\/\/www.radiointeractivo.com.mx\/index.php?rest_route=\/wp\/v2\/posts\/2889\/revisions\/2891"}],"wp:featuredmedia":[{"embeddable":true,"href":"https:\/\/www.radiointeractivo.com.mx\/index.php?rest_route=\/wp\/v2\/media\/2890"}],"wp:attachment":[{"href":"https:\/\/www.radiointeractivo.com.mx\/index.php?rest_route=%2Fwp%2Fv2%2Fmedia&parent=2889"}],"wp:term":[{"taxonomy":"category","embeddable":true,"href":"https:\/\/www.radiointeractivo.com.mx\/index.php?rest_route=%2Fwp%2Fv2%2Fcategories&post=2889"},{"taxonomy":"post_tag","embeddable":true,"href":"https:\/\/www.radiointeractivo.com.mx\/index.php?rest_route=%2Fwp%2Fv2%2Ftags&post=2889"}],"curies":[{"name":"wp","href":"https:\/\/api.w.org\/{rel}","templated":true}]}}