{"id":2885,"date":"2023-10-19T14:35:20","date_gmt":"2023-10-19T19:35:20","guid":{"rendered":"https:\/\/www.radiointeractivo.com.mx\/?p=2885"},"modified":"2023-10-19T14:35:21","modified_gmt":"2023-10-19T19:35:21","slug":"conmemora-sistema-dif-dia-mundial-de-la-lucha-contra-el-cancer-de-mama-con-zumbaton","status":"publish","type":"post","link":"https:\/\/www.radiointeractivo.com.mx\/?p=2885","title":{"rendered":"CONMEMORA SISTEMA DIF D\u00cdA MUNDIAL DE LA LUCHA CONTRA EL C\u00c1NCER DE MAMA CON ZUMBAT\u00d3N"},"content":{"rendered":"\n<p>Por: Staff | #NuevoLaredo #Tamaulipas<\/p>\n\n\n\n<p>En un emotivo evento, el Sistema para el Desarrollo Integral de la Familia (DIF) conmemor\u00f3 el D\u00eda Mundial de la Lucha contra el C\u00e1ncer de Mama con una Master Class de Zumba a la que se sumaron decenas de mujeres.<\/p>\n\n\n\n<p>El evento se llev\u00f3 a cabo en las instalaciones del CEDIF 2, en el que participaron m\u00e1s de 100 alumnas de diversos talleres que demostraron con entusiasmo y dedicaci\u00f3n su apoyo a las mujeres guerreras que est\u00e1n luchando contra el c\u00e1ncer.<\/p>\n\n\n\n<p>La presidenta del Sistema DIF, Claudette Canturosas Villarreal felicit\u00f3 a las participantes por unirse a la lucha contra el c\u00e1ncer de mama y campa\u00f1a de concientizaci\u00f3n en una una jornada llena de ritmo.<\/p>\n\n\n\n<p>\u201cEl apoyo en los momentos m\u00e1s dif\u00edciles es vital para contribuir a mejorar el estado de \u00e1nimo de las personas que luchan contra alguna enfermedad, felicidades a todas por unirse en esta master class, este entusiasmo es para recordarles las guerreras que luchan contra el cancer de mama que no est\u00e1n solas\u201d dijo la presidenta del Sistema DIF.<\/p>\n\n\n\n<p>El evento cont\u00f3 con la participaci\u00f3n de destacados instructores invitados: Amalia Escobar, Marisela \u00c1lvarez, \u00c1ngeles Ramos, Bianka Lara y Orlando Reyes. Cada uno de ellos aport\u00f3 su experiencia y talento para elevar la energ\u00eda de la jornada al m\u00e1ximo.<\/p>\n\n\n\n<p>La Master Class de Zumba no solo fue una celebraci\u00f3n del movimiento y la salud, sino tambi\u00e9n una oportunidad para exponer la diversidad de talento que florece en el CEDIF 2. Durante el evento, se exhibieron algunos de los talleres que ofrece el centro, mostrando el compromiso de la instituci\u00f3n con el bienestar integral de la comunidad.<\/p>\n\n\n\n<p>El Sistema DIF contin\u00faa trabajando para fortalecer los lazos comunitarios y fomentar un estilo de vida activo y saludable, siempre tocando corazones.<\/p>\n","protected":false},"excerpt":{"rendered":"<p>Por: Staff | #NuevoLaredo #Tamaulipas En un emotivo evento, el Sistema para el Desarrollo Integral de la Familia (DIF) conmemor\u00f3 el D\u00eda Mundial de la Lucha contra el C\u00e1ncer de Mama con una Master Class de Zumba a la que se sumaron decenas de mujeres. El evento se llev\u00f3 a cabo en las instalaciones del &hellip;<\/p>\n","protected":false},"author":1,"featured_media":2886,"comment_status":"open","ping_status":"open","sticky":false,"template":"","format":"standard","meta":{"footnotes":""},"categories":[38],"tags":[],"class_list":["post-2885","post","type-post","status-publish","format-standard","has-post-thumbnail","","category-nuevo-laredo"],"_links":{"self":[{"href":"https:\/\/www.radiointeractivo.com.mx\/index.php?rest_route=\/wp\/v2\/posts\/2885","targetHints":{"allow":["GET"]}}],"collection":[{"href":"https:\/\/www.radiointeractivo.com.mx\/index.php?rest_route=\/wp\/v2\/posts"}],"about":[{"href":"https:\/\/www.radiointeractivo.com.mx\/index.php?rest_route=\/wp\/v2\/types\/post"}],"author":[{"embeddable":true,"href":"https:\/\/www.radiointeractivo.com.mx\/index.php?rest_route=\/wp\/v2\/users\/1"}],"replies":[{"embeddable":true,"href":"https:\/\/www.radiointeractivo.com.mx\/index.php?rest_route=%2Fwp%2Fv2%2Fcomments&post=2885"}],"version-history":[{"count":1,"href":"https:\/\/www.radiointeractivo.com.mx\/index.php?rest_route=\/wp\/v2\/posts\/2885\/revisions"}],"predecessor-version":[{"id":2887,"href":"https:\/\/www.radiointeractivo.com.mx\/index.php?rest_route=\/wp\/v2\/posts\/2885\/revisions\/2887"}],"wp:featuredmedia":[{"embeddable":true,"href":"https:\/\/www.radiointeractivo.com.mx\/index.php?rest_route=\/wp\/v2\/media\/2886"}],"wp:attachment":[{"href":"https:\/\/www.radiointeractivo.com.mx\/index.php?rest_route=%2Fwp%2Fv2%2Fmedia&parent=2885"}],"wp:term":[{"taxonomy":"category","embeddable":true,"href":"https:\/\/www.radiointeractivo.com.mx\/index.php?rest_route=%2Fwp%2Fv2%2Fcategories&post=2885"},{"taxonomy":"post_tag","embeddable":true,"href":"https:\/\/www.radiointeractivo.com.mx\/index.php?rest_route=%2Fwp%2Fv2%2Ftags&post=2885"}],"curies":[{"name":"wp","href":"https:\/\/api.w.org\/{rel}","templated":true}]}}