{"id":2882,"date":"2023-10-19T14:22:31","date_gmt":"2023-10-19T19:22:31","guid":{"rendered":"https:\/\/www.radiointeractivo.com.mx\/?p=2882"},"modified":"2023-10-19T14:22:32","modified_gmt":"2023-10-19T19:22:32","slug":"ofrecen-tenor-fernando-de-la-mora-y-soprano-leticia-de-altamirano-gran-recital-en-nuevo-laredo","status":"publish","type":"post","link":"https:\/\/www.radiointeractivo.com.mx\/?p=2882","title":{"rendered":"OFRECEN TENOR FERNANDO DE LA MORA Y SOPRANO LETICIA DE ALTAMIRANO GRAN RECITAL EN NUEVO LAREDO"},"content":{"rendered":"\n<p>Por: Staff | #NuevoLaredo #Tamaulipas<\/p>\n\n\n\n<p>El Teatro Principal del Centro Cultural fue el escenario para que cientos de neolaredenses disfrutaran del concierto del reconocido tenor Fernando de la Mora y la soprano Leticia de Altamirano.<\/p>\n\n\n\n<p>Este evento form\u00f3 parte del Festival Internacional de la Costa de Seno Mexicano en el que asisti\u00f3 Jaime Segura Delgado, director administrativo del Instituto Tamaulipeco para la Cultura y las Artes (ITCA), en representaci\u00f3n de Brenda Denisse de la Cruz, directora del (ITCA).<\/p>\n\n\n\n<p>Para este viernes 20 de octubre el Centro Cultural tendr\u00e1 la presentaci\u00f3n del Tr\u00edo Los Panchos a partir de las 7:00 de la tarde. Para este evento es necesario acudir con boleto por lo que se est\u00e1n entregando sin costo en el m\u00f3dulo del CIGA ubicado en anexo a la presidencia municipal.<\/p>\n","protected":false},"excerpt":{"rendered":"<p>Por: Staff | #NuevoLaredo #Tamaulipas El Teatro Principal del Centro Cultural fue el escenario para que cientos de neolaredenses disfrutaran del concierto del reconocido tenor Fernando de la Mora y la soprano Leticia de Altamirano. Este evento form\u00f3 parte del Festival Internacional de la Costa de Seno Mexicano en el que asisti\u00f3 Jaime Segura Delgado, &hellip;<\/p>\n","protected":false},"author":1,"featured_media":2883,"comment_status":"open","ping_status":"open","sticky":false,"template":"","format":"standard","meta":{"footnotes":""},"categories":[38],"tags":[],"class_list":["post-2882","post","type-post","status-publish","format-standard","has-post-thumbnail","","category-nuevo-laredo"],"_links":{"self":[{"href":"https:\/\/www.radiointeractivo.com.mx\/index.php?rest_route=\/wp\/v2\/posts\/2882","targetHints":{"allow":["GET"]}}],"collection":[{"href":"https:\/\/www.radiointeractivo.com.mx\/index.php?rest_route=\/wp\/v2\/posts"}],"about":[{"href":"https:\/\/www.radiointeractivo.com.mx\/index.php?rest_route=\/wp\/v2\/types\/post"}],"author":[{"embeddable":true,"href":"https:\/\/www.radiointeractivo.com.mx\/index.php?rest_route=\/wp\/v2\/users\/1"}],"replies":[{"embeddable":true,"href":"https:\/\/www.radiointeractivo.com.mx\/index.php?rest_route=%2Fwp%2Fv2%2Fcomments&post=2882"}],"version-history":[{"count":1,"href":"https:\/\/www.radiointeractivo.com.mx\/index.php?rest_route=\/wp\/v2\/posts\/2882\/revisions"}],"predecessor-version":[{"id":2884,"href":"https:\/\/www.radiointeractivo.com.mx\/index.php?rest_route=\/wp\/v2\/posts\/2882\/revisions\/2884"}],"wp:featuredmedia":[{"embeddable":true,"href":"https:\/\/www.radiointeractivo.com.mx\/index.php?rest_route=\/wp\/v2\/media\/2883"}],"wp:attachment":[{"href":"https:\/\/www.radiointeractivo.com.mx\/index.php?rest_route=%2Fwp%2Fv2%2Fmedia&parent=2882"}],"wp:term":[{"taxonomy":"category","embeddable":true,"href":"https:\/\/www.radiointeractivo.com.mx\/index.php?rest_route=%2Fwp%2Fv2%2Fcategories&post=2882"},{"taxonomy":"post_tag","embeddable":true,"href":"https:\/\/www.radiointeractivo.com.mx\/index.php?rest_route=%2Fwp%2Fv2%2Ftags&post=2882"}],"curies":[{"name":"wp","href":"https:\/\/api.w.org\/{rel}","templated":true}]}}