{"id":2876,"date":"2023-10-19T13:33:26","date_gmt":"2023-10-19T18:33:26","guid":{"rendered":"https:\/\/www.radiointeractivo.com.mx\/?p=2876"},"modified":"2023-10-26T19:25:45","modified_gmt":"2023-10-27T00:25:45","slug":"inclusion-laboral-un-valor-de-la-transformacion-en-tamaulipas","status":"publish","type":"post","link":"https:\/\/www.radiointeractivo.com.mx\/?p=2876","title":{"rendered":"Inclusi\u00f3n laboral, un valor de la transformaci\u00f3n en Tamaulipas"},"content":{"rendered":"\n<figure class=\"wp-block-image size-large\"><img loading=\"lazy\" decoding=\"async\" width=\"1024\" height=\"575\" src=\"https:\/\/www.radiointeractivo.com.mx\/wp-content\/uploads\/2023\/10\/WhatsApp-Image-2023-10-18-at-8.07.27-PM-1024x575.jpeg\" alt=\"\" class=\"wp-image-2877\" srcset=\"https:\/\/www.radiointeractivo.com.mx\/wp-content\/uploads\/2023\/10\/WhatsApp-Image-2023-10-18-at-8.07.27-PM-1024x575.jpeg 1024w, https:\/\/www.radiointeractivo.com.mx\/wp-content\/uploads\/2023\/10\/WhatsApp-Image-2023-10-18-at-8.07.27-PM-300x169.jpeg 300w, https:\/\/www.radiointeractivo.com.mx\/wp-content\/uploads\/2023\/10\/WhatsApp-Image-2023-10-18-at-8.07.27-PM-768x432.jpeg 768w, https:\/\/www.radiointeractivo.com.mx\/wp-content\/uploads\/2023\/10\/WhatsApp-Image-2023-10-18-at-8.07.27-PM-1536x863.jpeg 1536w, https:\/\/www.radiointeractivo.com.mx\/wp-content\/uploads\/2023\/10\/WhatsApp-Image-2023-10-18-at-8.07.27-PM.jpeg 1600w\" sizes=\"auto, (max-width: 1024px) 100vw, 1024px\" \/><\/figure>\n\n\n\n<p>-Agradecemos a empresarias y empresarios, por su actitud solidaria para la inclusi\u00f3n laboral en el Foro del Servicio Nacional del Empleo: Olga Sosa Ru\u00edz.<\/p>\n\n\n\n<p>Por: Agencias<\/p>\n\n\n\n<p>Ciudad Victoria, Tamaulipas.- La Secretar\u00eda del Trabajo del Gobierno de Tamaulipas a trav\u00e9s del Servicio Nacional del Empleo realiz\u00f3 el Foro 2023: En la b\u00fasqueda de oportunidades para la inclusi\u00f3n laboral, con el prop\u00f3sito de generar un potencial de desarrollo y productividad para los mercados laborales con la incorporaci\u00f3n de personas que enfrentan alg\u00fan tipo de discapacidad.<\/p>\n\n\n\n<p>El evento fue encabezado por la secretaria del Trabajo y Previsi\u00f3n Social Olga Patricia Sosa Ru\u00edz, quien se\u00f1al\u00f3 \u201creciban por mi conducto un cordial saludo del gobernador Am\u00e9rico Villarreal Anaya y su agradecimiento por participar en estas actividades de pol\u00edticas p\u00fablicas laborales para la inclusi\u00f3n, porque uno de los cambios y desaf\u00edos m\u00e1s complejos en nuestra sociedad para conquistar la verdadera transformaci\u00f3n, se da en el prop\u00f3sito de erradicar la discriminaci\u00f3n en todos los \u00e1mbitos de la vida p\u00fablica y privada\u201d, dijo la secretaria en su mensaje de bienvenida.<\/p>\n\n\n\n<p>Ante empresarios y representantes de autoridades participantes en este foro de b\u00fasqueda de oportunidades, la secretaria del Trabajo, se\u00f1al\u00f3 que todas y todos los tamaulipecos tienen la responsabilidad de vigilar que la plenitud de los derechos humanos tenga vigencia en la realidad cotidiana.<\/p>\n\n\n\n<p>Precis\u00f3 que se trata de fortalecer la Red de Vinculaci\u00f3n Laboral con el \u201cForo 2023: En la b\u00fasqueda de oportunidades para la inclusi\u00f3n laboral y as\u00ed avanzar en la positiva transformaci\u00f3n de la sociedad.<\/p>\n\n\n\n<p>En este esfuerzo de luchar contra la discriminaci\u00f3n laboral se han unido de manera solidaria y comprometida, empresarias y empresarios avanzando en este camino con una actitud colaborativa, donde las personas con alg\u00fan tipo de discapacidad, tienen las puertas abiertas en centros laborales que aprecian sus virtudes y la valiosa aportaci\u00f3n que pueden hacer en la cadena productiva.<\/p>\n\n\n\n<p>En este evento participaron: el subsecretario de Empleo y Previsi\u00f3n Social Abelardo Flores Mendoza y el director del Servicio Nacional del Empleo en Tamaulipas, Leonel Tabares Flores, reiterando el impulso a la colaboraci\u00f3n de las y los empresarios generadores de empleo, para la apertura de diversas ofertas que promueven la no discriminaci\u00f3n e inclusi\u00f3n laboral.<\/p>\n\n\n\n<p>Las ponencias tuvieron por t\u00edtulos, \u201cActualidad del mercado laboral de los adultos mayores\u201d a cargo del doctor Gerardo Flores S\u00e1nchez, coordinador estatal del Programa de Envejecimiento del departamento de Salud del Adulto Mayor; \u201cBeneficios fiscales al contratar personas adultas mayores y con discapacidad\u201d a cargo de Yadira Mendoza Delgado, administradora desconcentrada de Servicios al Contribuyente de Tamaulipas.<\/p>\n\n\n\n<p>\u201cRequisitos para aplicar el est\u00edmulo del Art\u00edculo 186 de la Ley del Impuesto sobre la renta\u201d a cargo de Martha Patricia Mart\u00ednez Flores, de la coordinaci\u00f3n de Evaluaci\u00f3n de Salud en el Trabajo del IMSS. Del Servicio Nacional del Empleo particip\u00f3 Bricia Rosales Reyes, responsable de la Estrategia Abriendo Espacios, quien es ejemplo del programa de inclusi\u00f3n laboral del gobierno de Tamaulipas.<\/p>\n\n\n\n<p>Por \u00faltimo, se imparti\u00f3 la ponencia \u201cDistintivo en responsabilidad laboral\u201d a cargo de Ra\u00fal Balmaceda Valdez, director de Inclusi\u00f3n Laboral y Trabajo de Menores de la Direcci\u00f3n General de Previsi\u00f3n Social en la Unidad de Trabajo Digno.<\/p>\n\n\n\n<p>Este evento cont\u00f3 con la participaci\u00f3n de Daniela Puebla Torre por parte de CANACO Victoria, Jorge Ad\u00e1n Contreras Galv\u00e1n de CMIC, Mar\u00eda Hayd\u00e9e Santana Ramos, directora del CECATI 76; Joaqu\u00edn Ernesto Madero Ben\u00edtez por parte del IMSS, Jos\u00e9 Eduardo Ortiz Mel\u00e9ndez por parte de CANIRAC, Bryhan Eleazar Arellano Rodr\u00edguez de SIPRODISS, Alejandro Vargas Rodr\u00edguez, secretario t\u00e9cnico del ITEA; Ana Bel\u00e9n Guerra Gonz\u00e1lez del Instituto de la Mujer y Mar\u00eda de los \u00c1ngeles Rojas Torres por parte del INJUVE.<\/p>\n","protected":false},"excerpt":{"rendered":"<p>-Agradecemos a empresarias y empresarios, por su actitud solidaria para la inclusi\u00f3n laboral en el Foro del Servicio Nacional del Empleo: Olga Sosa Ru\u00edz. Por: Agencias Ciudad Victoria, Tamaulipas.- La Secretar\u00eda del Trabajo del Gobierno de Tamaulipas a trav\u00e9s del Servicio Nacional del Empleo realiz\u00f3 el Foro 2023: En la b\u00fasqueda de oportunidades para la &hellip;<\/p>\n","protected":false},"author":1,"featured_media":2877,"comment_status":"open","ping_status":"open","sticky":false,"template":"","format":"standard","meta":{"footnotes":""},"categories":[39],"tags":[],"class_list":["post-2876","post","type-post","status-publish","format-standard","has-post-thumbnail","","category-tamaulipas"],"_links":{"self":[{"href":"https:\/\/www.radiointeractivo.com.mx\/index.php?rest_route=\/wp\/v2\/posts\/2876","targetHints":{"allow":["GET"]}}],"collection":[{"href":"https:\/\/www.radiointeractivo.com.mx\/index.php?rest_route=\/wp\/v2\/posts"}],"about":[{"href":"https:\/\/www.radiointeractivo.com.mx\/index.php?rest_route=\/wp\/v2\/types\/post"}],"author":[{"embeddable":true,"href":"https:\/\/www.radiointeractivo.com.mx\/index.php?rest_route=\/wp\/v2\/users\/1"}],"replies":[{"embeddable":true,"href":"https:\/\/www.radiointeractivo.com.mx\/index.php?rest_route=%2Fwp%2Fv2%2Fcomments&post=2876"}],"version-history":[{"count":2,"href":"https:\/\/www.radiointeractivo.com.mx\/index.php?rest_route=\/wp\/v2\/posts\/2876\/revisions"}],"predecessor-version":[{"id":3211,"href":"https:\/\/www.radiointeractivo.com.mx\/index.php?rest_route=\/wp\/v2\/posts\/2876\/revisions\/3211"}],"wp:featuredmedia":[{"embeddable":true,"href":"https:\/\/www.radiointeractivo.com.mx\/index.php?rest_route=\/wp\/v2\/media\/2877"}],"wp:attachment":[{"href":"https:\/\/www.radiointeractivo.com.mx\/index.php?rest_route=%2Fwp%2Fv2%2Fmedia&parent=2876"}],"wp:term":[{"taxonomy":"category","embeddable":true,"href":"https:\/\/www.radiointeractivo.com.mx\/index.php?rest_route=%2Fwp%2Fv2%2Fcategories&post=2876"},{"taxonomy":"post_tag","embeddable":true,"href":"https:\/\/www.radiointeractivo.com.mx\/index.php?rest_route=%2Fwp%2Fv2%2Ftags&post=2876"}],"curies":[{"name":"wp","href":"https:\/\/api.w.org\/{rel}","templated":true}]}}