{"id":2873,"date":"2023-10-19T13:09:52","date_gmt":"2023-10-19T18:09:52","guid":{"rendered":"https:\/\/www.radiointeractivo.com.mx\/?p=2873"},"modified":"2023-10-26T19:26:07","modified_gmt":"2023-10-27T00:26:07","slug":"este-jueves-inicia-la-feria-tamaulipas-2023","status":"publish","type":"post","link":"https:\/\/www.radiointeractivo.com.mx\/?p=2873","title":{"rendered":"Este jueves inicia la \u201cFeria Tamaulipas 2023\u201d"},"content":{"rendered":"\n<figure class=\"wp-block-image size-large\"><img loading=\"lazy\" decoding=\"async\" width=\"1024\" height=\"682\" src=\"https:\/\/www.radiointeractivo.com.mx\/wp-content\/uploads\/2023\/10\/WhatsApp-Image-2023-10-18-at-7.14.21-PM-1-1024x682.jpeg\" alt=\"\" class=\"wp-image-2874\" srcset=\"https:\/\/www.radiointeractivo.com.mx\/wp-content\/uploads\/2023\/10\/WhatsApp-Image-2023-10-18-at-7.14.21-PM-1-1024x682.jpeg 1024w, https:\/\/www.radiointeractivo.com.mx\/wp-content\/uploads\/2023\/10\/WhatsApp-Image-2023-10-18-at-7.14.21-PM-1-300x200.jpeg 300w, https:\/\/www.radiointeractivo.com.mx\/wp-content\/uploads\/2023\/10\/WhatsApp-Image-2023-10-18-at-7.14.21-PM-1-768x512.jpeg 768w, https:\/\/www.radiointeractivo.com.mx\/wp-content\/uploads\/2023\/10\/WhatsApp-Image-2023-10-18-at-7.14.21-PM-1-1536x1023.jpeg 1536w, https:\/\/www.radiointeractivo.com.mx\/wp-content\/uploads\/2023\/10\/WhatsApp-Image-2023-10-18-at-7.14.21-PM-1-310x205.jpeg 310w, https:\/\/www.radiointeractivo.com.mx\/wp-content\/uploads\/2023\/10\/WhatsApp-Image-2023-10-18-at-7.14.21-PM-1.jpeg 1600w\" sizes=\"auto, (max-width: 1024px) 100vw, 1024px\" \/><\/figure>\n\n\n\n<p>&#8211; Del 19 al 30 de Octubre, ser\u00e1 el punto de encuentro para celebrar con orgullo nuestra identidad, tradiciones y la grandeza de nuestro estado<\/p>\n\n\n\n<p>Por: Agencias<\/p>\n\n\n\n<p>Ciudad Victoria, Tamaulipas &#8211; Este jueves en punto de las 5 de la tarde inicia la fiesta popular m\u00e1s grande del estado: la Feria Tamaulipas en su edici\u00f3n 2023 para brindar a las familias emociones \u00fanicas y experiencias inolvidables.<\/p>\n\n\n\n<p>Con una amplia gama de atracciones y actividades dise\u00f1adas para el disfrute de todos los asistentes, esta edici\u00f3n garantiza diversi\u00f3n para todas las edades, y mostrar\u00e1 con orgullo a visitantes nacionales e internacionales, lo mejor de la riqueza tur\u00edstica, el arte, la cultura y la gastronom\u00eda que distingue a las regiones de nuestro estado.<\/p>\n\n\n\n<p>Habr\u00e1 38 juegos mec\u00e1nicos, show circense, una zona extrema para ni\u00f1os y j\u00f3venes, show de drones, los voladores de Papantla y por primera vez la Rueda de la Fortuna m\u00f3vil m\u00e1s grande de M\u00e9xico, que har\u00e1 aqu\u00ed su debut.<\/p>\n\n\n\n<p>Para apoyar a la econom\u00eda de las familias, el gobernador Am\u00e9rico Villarreal instruy\u00f3 mantener el mismo costo de entrada del a\u00f1o pasado en 35 pesos, mientras que ni\u00f1os y ni\u00f1as menores de 1.20 metros de altura, adultos mayores y personas con discapacidad disfrutar\u00e1n de acceso gratuito.<\/p>\n\n\n\n<p>Este a\u00f1o, el Teatro del Pueblo ser\u00e1 un espacio vibrante de m\u00fasica y diversi\u00f3n presentando a artistas de primer nivel del mundo musical como Los Invasores de Nuevo Le\u00f3n, Edwin Luna y la Trakalosa de Monterrey, Kumbia Kings, Bely y Beto, Cardenales de Nuevo Le\u00f3n, Mi Banda El Mexicano, Lucha Triple AAA, Liberaci\u00f3n, Sonora Santanera con Mar\u00eda Fernanda, Bobby Pulido, y Caifanes en el cierre de la Feria.<\/p>\n\n\n\n<p>A su vez, en el Centro de Espect\u00e1culos se presentar\u00e1n artistas de renombre internacional como Mijares y Arnulfo Jr., garantizando noches inolvidables de m\u00fasica y entretenimiento.<\/p>\n\n\n\n<p>Como cada a\u00f1o, los municipios de Tamaulipas realizar\u00e1n exposiciones art\u00edsticas y culturales para el deleite de las familias.<\/p>\n\n\n\n<p>La Feria contar\u00e1 con diversas zonas que brindar\u00e1n una amalgama de productos y servicios con el sello de nuestro estado. En el \u00e1rea comercial habr\u00e1 m\u00e1s de 350 stands y la presencia de micro, peque\u00f1as y medianas empresas locales, fomentando la reactivaci\u00f3n econ\u00f3mica de nuestra regi\u00f3n.<\/p>\n\n\n\n<p>Adem\u00e1s, una exposici\u00f3n y venta de productos de la Marca Hecho en Tamaulipas con lo mejor del talento y creatividad de emprendedores tamaulipecos.<\/p>\n\n\n\n<p>Asimismo, secretar\u00edas y organismos del Gobierno de Tamaulipas pondr\u00e1n a disposici\u00f3n de los asistentes toda amplia oferta de servicios y apoyos para la ciudadan\u00eda con una atenci\u00f3n personalizada. Este a\u00f1o, el Museo M\u00f3vil, Ciencia, Tecnolog\u00eda e Innovaci\u00f3n en Movimiento, regresa a nuestra Feria.<\/p>\n\n\n\n<p>Habr\u00e1 tambi\u00e9n una espectacular exposici\u00f3n de la Guardia Estatal y de la Secretar\u00eda de la Defensa Nacional, y se contar\u00e1 adem\u00e1s con la participaci\u00f3n de 11 universidades e instituciones de Educaci\u00f3n Superior del estado.<\/p>\n\n\n\n<p>De lunes a jueves, las puertas de la Feria se abrir\u00e1n desde las 5 de la tarde y los fines de semana desde las 4 de la tarde del 19 al 30 de Octubre, la \u201cFeria Tamaulipas 2023\u201d ser\u00e1 el punto de encuentro para celebrar con orgullo nuestra identidad y tradiciones, y la grandeza de nuestro estado.<\/p>\n","protected":false},"excerpt":{"rendered":"<p>&#8211; Del 19 al 30 de Octubre, ser\u00e1 el punto de encuentro para celebrar con orgullo nuestra identidad, tradiciones y la grandeza de nuestro estado Por: Agencias Ciudad Victoria, Tamaulipas &#8211; Este jueves en punto de las 5 de la tarde inicia la fiesta popular m\u00e1s grande del estado: la Feria Tamaulipas en su edici\u00f3n &hellip;<\/p>\n","protected":false},"author":1,"featured_media":2874,"comment_status":"open","ping_status":"open","sticky":false,"template":"","format":"standard","meta":{"footnotes":""},"categories":[39],"tags":[],"class_list":["post-2873","post","type-post","status-publish","format-standard","has-post-thumbnail","","category-tamaulipas"],"_links":{"self":[{"href":"https:\/\/www.radiointeractivo.com.mx\/index.php?rest_route=\/wp\/v2\/posts\/2873","targetHints":{"allow":["GET"]}}],"collection":[{"href":"https:\/\/www.radiointeractivo.com.mx\/index.php?rest_route=\/wp\/v2\/posts"}],"about":[{"href":"https:\/\/www.radiointeractivo.com.mx\/index.php?rest_route=\/wp\/v2\/types\/post"}],"author":[{"embeddable":true,"href":"https:\/\/www.radiointeractivo.com.mx\/index.php?rest_route=\/wp\/v2\/users\/1"}],"replies":[{"embeddable":true,"href":"https:\/\/www.radiointeractivo.com.mx\/index.php?rest_route=%2Fwp%2Fv2%2Fcomments&post=2873"}],"version-history":[{"count":2,"href":"https:\/\/www.radiointeractivo.com.mx\/index.php?rest_route=\/wp\/v2\/posts\/2873\/revisions"}],"predecessor-version":[{"id":3212,"href":"https:\/\/www.radiointeractivo.com.mx\/index.php?rest_route=\/wp\/v2\/posts\/2873\/revisions\/3212"}],"wp:featuredmedia":[{"embeddable":true,"href":"https:\/\/www.radiointeractivo.com.mx\/index.php?rest_route=\/wp\/v2\/media\/2874"}],"wp:attachment":[{"href":"https:\/\/www.radiointeractivo.com.mx\/index.php?rest_route=%2Fwp%2Fv2%2Fmedia&parent=2873"}],"wp:term":[{"taxonomy":"category","embeddable":true,"href":"https:\/\/www.radiointeractivo.com.mx\/index.php?rest_route=%2Fwp%2Fv2%2Fcategories&post=2873"},{"taxonomy":"post_tag","embeddable":true,"href":"https:\/\/www.radiointeractivo.com.mx\/index.php?rest_route=%2Fwp%2Fv2%2Ftags&post=2873"}],"curies":[{"name":"wp","href":"https:\/\/api.w.org\/{rel}","templated":true}]}}