{"id":2864,"date":"2023-10-18T19:04:11","date_gmt":"2023-10-19T00:04:11","guid":{"rendered":"https:\/\/www.radiointeractivo.com.mx\/?p=2864"},"modified":"2023-10-26T19:28:17","modified_gmt":"2023-10-27T00:28:17","slug":"despide-la-sspt-con-honores-a-policia-fallecido-en-cumplimiento-de-su-deber","status":"publish","type":"post","link":"https:\/\/www.radiointeractivo.com.mx\/?p=2864","title":{"rendered":"Despide la SSPT con honores a polic\u00eda fallecido en cumplimiento de su deber"},"content":{"rendered":"\n<figure class=\"wp-block-image size-large\"><img loading=\"lazy\" decoding=\"async\" width=\"1024\" height=\"682\" src=\"https:\/\/www.radiointeractivo.com.mx\/wp-content\/uploads\/2023\/10\/WhatsApp-Image-2023-10-18-at-6.08.24-PM-1024x682.jpeg\" alt=\"\" class=\"wp-image-2865\" srcset=\"https:\/\/www.radiointeractivo.com.mx\/wp-content\/uploads\/2023\/10\/WhatsApp-Image-2023-10-18-at-6.08.24-PM-1024x682.jpeg 1024w, https:\/\/www.radiointeractivo.com.mx\/wp-content\/uploads\/2023\/10\/WhatsApp-Image-2023-10-18-at-6.08.24-PM-300x200.jpeg 300w, https:\/\/www.radiointeractivo.com.mx\/wp-content\/uploads\/2023\/10\/WhatsApp-Image-2023-10-18-at-6.08.24-PM-768x512.jpeg 768w, https:\/\/www.radiointeractivo.com.mx\/wp-content\/uploads\/2023\/10\/WhatsApp-Image-2023-10-18-at-6.08.24-PM-1536x1023.jpeg 1536w, https:\/\/www.radiointeractivo.com.mx\/wp-content\/uploads\/2023\/10\/WhatsApp-Image-2023-10-18-at-6.08.24-PM-310x205.jpeg 310w, https:\/\/www.radiointeractivo.com.mx\/wp-content\/uploads\/2023\/10\/WhatsApp-Image-2023-10-18-at-6.08.24-PM.jpeg 1600w\" sizes=\"auto, (max-width: 1024px) 100vw, 1024px\" \/><\/figure>\n\n\n\n<p>Por: Agencias <\/p>\n\n\n\n<p>Ciudad Victoria, Tamaulipas.- Este mi\u00e9rcoles se llev\u00f3 a cabo el \u00faltimo acto de servicio del Polic\u00eda \u201cA\u2019\u2019 Jos\u00e9 Luis Aparicio Salas, elemento de la Guardia Estatal que perdi\u00f3 la vida durante el cumplimiento de su deber en el municipio de San Fernando la tarde del 17 de octubre del 2023.<\/p>\n\n\n\n<p>Acompa\u00f1ado de familiares y seres queridos, fue recibido en la explanada del Complejo Estatal de Seguridad P\u00fablica con honores f\u00fanebres en reconocimiento a su labor desempe\u00f1ada a lo largo de siete a\u00f1os desde su integraci\u00f3n a esta corporaci\u00f3n policial en el a\u00f1o 2016.<\/p>\n\n\n\n<p>\u201cNo existe para quienes ejercemos el mando, mayor dolor que entregar el cuerpo<br>de uno de nuestros elementos ca\u00eddos a\u00fan sea esto por la patria\u2019\u2019, manifest\u00f3 el secretario de Seguridad P\u00fablica de Tamaulipas, Sergio Hernando Ch\u00e1vez Garc\u00eda, quien encabez\u00f3 la guardia de honor.<\/p>\n\n\n\n<p>A nombre del gobernador Am\u00e9rico Villarreal Anaya, extendi\u00f3 las m\u00e1s sentidas condolencias a familiares y deudos del extinto polic\u00eda, a quienes se les entreg\u00f3 el l\u00e1baro patrio en reconocimiento al sacrificio realizado por quien diera la vida por preservar la paz y la seguridad en la entidad.<\/p>\n\n\n\n<p>\u201cLa muerte de un polic\u00eda de la Guardia Estatal es una tragedia para nuestra comunidad, es una p\u00e9rdida irreparable que duele profundamente en nuestros corazones, por ello, hoy estamos aqu\u00ed para honrar a Jos\u00e9 Luis quien ha hecho el m\u00e1ximo sacrificio por proteger a la sociedad tamaulipeca\u2019\u2019, declar\u00f3.<\/p>\n\n\n\n<p>Tras dedicar un minuto de silencio y una salva de honor, el f\u00e9retro fue guiado hasta la carroza f\u00fanebre para iniciar el cortejo, as\u00ed mismo el titular de la Secretar\u00eda de Seguridad P\u00fablica de Tamaulipas (SSPT) reiter\u00f3 a familiares y seres queridos su apoyo total.<\/p>\n\n\n\n<p>Esta ceremonia cont\u00f3 con la presencia de la presidenta de la Junta de Gobierno del Congreso de Tamaulipas, diputada \u00darsula Patricia Salazar Mojica; el fiscal general de Justicia de Tamaulipas, Irving Barrios Mojica; el coordinador estatal de las Mesas Ciudadanas de Seguridad y Justicia, Jos\u00e9 Calanda Montelongo y el subsecretario de Transporte P\u00fablico de la entidad, Jos\u00e9 Armando Lara Vald\u00e9s.<\/p>\n","protected":false},"excerpt":{"rendered":"<p>Por: Agencias Ciudad Victoria, Tamaulipas.- Este mi\u00e9rcoles se llev\u00f3 a cabo el \u00faltimo acto de servicio del Polic\u00eda \u201cA\u2019\u2019 Jos\u00e9 Luis Aparicio Salas, elemento de la Guardia Estatal que perdi\u00f3 la vida durante el cumplimiento de su deber en el municipio de San Fernando la tarde del 17 de octubre del 2023. Acompa\u00f1ado de familiares &hellip;<\/p>\n","protected":false},"author":1,"featured_media":2865,"comment_status":"open","ping_status":"open","sticky":false,"template":"","format":"standard","meta":{"footnotes":""},"categories":[39],"tags":[],"class_list":["post-2864","post","type-post","status-publish","format-standard","has-post-thumbnail","","category-tamaulipas"],"_links":{"self":[{"href":"https:\/\/www.radiointeractivo.com.mx\/index.php?rest_route=\/wp\/v2\/posts\/2864","targetHints":{"allow":["GET"]}}],"collection":[{"href":"https:\/\/www.radiointeractivo.com.mx\/index.php?rest_route=\/wp\/v2\/posts"}],"about":[{"href":"https:\/\/www.radiointeractivo.com.mx\/index.php?rest_route=\/wp\/v2\/types\/post"}],"author":[{"embeddable":true,"href":"https:\/\/www.radiointeractivo.com.mx\/index.php?rest_route=\/wp\/v2\/users\/1"}],"replies":[{"embeddable":true,"href":"https:\/\/www.radiointeractivo.com.mx\/index.php?rest_route=%2Fwp%2Fv2%2Fcomments&post=2864"}],"version-history":[{"count":2,"href":"https:\/\/www.radiointeractivo.com.mx\/index.php?rest_route=\/wp\/v2\/posts\/2864\/revisions"}],"predecessor-version":[{"id":3216,"href":"https:\/\/www.radiointeractivo.com.mx\/index.php?rest_route=\/wp\/v2\/posts\/2864\/revisions\/3216"}],"wp:featuredmedia":[{"embeddable":true,"href":"https:\/\/www.radiointeractivo.com.mx\/index.php?rest_route=\/wp\/v2\/media\/2865"}],"wp:attachment":[{"href":"https:\/\/www.radiointeractivo.com.mx\/index.php?rest_route=%2Fwp%2Fv2%2Fmedia&parent=2864"}],"wp:term":[{"taxonomy":"category","embeddable":true,"href":"https:\/\/www.radiointeractivo.com.mx\/index.php?rest_route=%2Fwp%2Fv2%2Fcategories&post=2864"},{"taxonomy":"post_tag","embeddable":true,"href":"https:\/\/www.radiointeractivo.com.mx\/index.php?rest_route=%2Fwp%2Fv2%2Ftags&post=2864"}],"curies":[{"name":"wp","href":"https:\/\/api.w.org\/{rel}","templated":true}]}}