{"id":2840,"date":"2023-10-18T14:34:38","date_gmt":"2023-10-18T19:34:38","guid":{"rendered":"https:\/\/www.radiointeractivo.com.mx\/?p=2840"},"modified":"2023-10-18T14:34:40","modified_gmt":"2023-10-18T19:34:40","slug":"disfrutan-familias-neolaredenses-de-espectaculo-espanol-con-la-soprano-anabel-de-la-mora","status":"publish","type":"post","link":"https:\/\/www.radiointeractivo.com.mx\/?p=2840","title":{"rendered":"DISFRUTAN FAMILIAS NEOLAREDENSES DE ESPECT\u00c1CULO ESPA\u00d1OL CON LA SOPRANO ANABEL DE LA MORA"},"content":{"rendered":"\n<p>Por: Staff | #NuevoLaredo #Tamaulipas<\/p>\n\n\n\n<p>La alcaldesa Carmen Lilia Canturosas Villarreal acompa\u00f1ada de su esposo \u00d3scar Mario Hinojosa Ram\u00edrez asistieron a la presentaci\u00f3n de \u201cCaprichos y Espa\u00f1oler\u00edas\u201d con la soprano Anabel de la Mora en el Festival Internacional de la Costa del Seno Mexicano.<\/p>\n\n\n\n<p>En el Teatro Principal del Centro Cultural la comunidad pudo disfrutar de este gran evento con el que se impulsa el arte y la cultura en todo Tamaulipas.<\/p>\n\n\n\n<p>En este evento art\u00edstico tambi\u00e9n estuvieron la se\u00f1ora Claudette Villarreal de Cant\u00fa Rosas; Claudette Canturosas Villarreal, presidenta del Sistema DIF; autoridades del gobierno municipal; y ciudadan\u00eda en general.<\/p>\n","protected":false},"excerpt":{"rendered":"<p>Por: Staff | #NuevoLaredo #Tamaulipas La alcaldesa Carmen Lilia Canturosas Villarreal acompa\u00f1ada de su esposo \u00d3scar Mario Hinojosa Ram\u00edrez asistieron a la presentaci\u00f3n de \u201cCaprichos y Espa\u00f1oler\u00edas\u201d con la soprano Anabel de la Mora en el Festival Internacional de la Costa del Seno Mexicano. En el Teatro Principal del Centro Cultural la comunidad pudo disfrutar &hellip;<\/p>\n","protected":false},"author":1,"featured_media":2841,"comment_status":"open","ping_status":"open","sticky":false,"template":"","format":"standard","meta":{"footnotes":""},"categories":[38],"tags":[],"class_list":["post-2840","post","type-post","status-publish","format-standard","has-post-thumbnail","","category-nuevo-laredo"],"_links":{"self":[{"href":"https:\/\/www.radiointeractivo.com.mx\/index.php?rest_route=\/wp\/v2\/posts\/2840","targetHints":{"allow":["GET"]}}],"collection":[{"href":"https:\/\/www.radiointeractivo.com.mx\/index.php?rest_route=\/wp\/v2\/posts"}],"about":[{"href":"https:\/\/www.radiointeractivo.com.mx\/index.php?rest_route=\/wp\/v2\/types\/post"}],"author":[{"embeddable":true,"href":"https:\/\/www.radiointeractivo.com.mx\/index.php?rest_route=\/wp\/v2\/users\/1"}],"replies":[{"embeddable":true,"href":"https:\/\/www.radiointeractivo.com.mx\/index.php?rest_route=%2Fwp%2Fv2%2Fcomments&post=2840"}],"version-history":[{"count":1,"href":"https:\/\/www.radiointeractivo.com.mx\/index.php?rest_route=\/wp\/v2\/posts\/2840\/revisions"}],"predecessor-version":[{"id":2842,"href":"https:\/\/www.radiointeractivo.com.mx\/index.php?rest_route=\/wp\/v2\/posts\/2840\/revisions\/2842"}],"wp:featuredmedia":[{"embeddable":true,"href":"https:\/\/www.radiointeractivo.com.mx\/index.php?rest_route=\/wp\/v2\/media\/2841"}],"wp:attachment":[{"href":"https:\/\/www.radiointeractivo.com.mx\/index.php?rest_route=%2Fwp%2Fv2%2Fmedia&parent=2840"}],"wp:term":[{"taxonomy":"category","embeddable":true,"href":"https:\/\/www.radiointeractivo.com.mx\/index.php?rest_route=%2Fwp%2Fv2%2Fcategories&post=2840"},{"taxonomy":"post_tag","embeddable":true,"href":"https:\/\/www.radiointeractivo.com.mx\/index.php?rest_route=%2Fwp%2Fv2%2Ftags&post=2840"}],"curies":[{"name":"wp","href":"https:\/\/api.w.org\/{rel}","templated":true}]}}