{"id":2831,"date":"2023-10-18T14:08:55","date_gmt":"2023-10-18T19:08:55","guid":{"rendered":"https:\/\/www.radiointeractivo.com.mx\/?p=2831"},"modified":"2023-10-26T19:31:33","modified_gmt":"2023-10-27T00:31:33","slug":"dan-arranque-a-construccion-de-techumbre-en-preescolar-del-potrero-en-diaz-ordaz","status":"publish","type":"post","link":"https:\/\/www.radiointeractivo.com.mx\/?p=2831","title":{"rendered":"DAN ARRANQUE A CONSTRUCCION DE TECHUMBRE EN PREESCOLAR DEL POTRERO EN D\u00cdAZ ORDAZ"},"content":{"rendered":"\n<figure class=\"wp-block-image size-large\"><img loading=\"lazy\" decoding=\"async\" width=\"1024\" height=\"682\" src=\"https:\/\/www.radiointeractivo.com.mx\/wp-content\/uploads\/2023\/10\/WhatsApp-Image-2023-10-18-at-2.00.28-PM-1024x682.jpeg\" alt=\"\" class=\"wp-image-2832\" srcset=\"https:\/\/www.radiointeractivo.com.mx\/wp-content\/uploads\/2023\/10\/WhatsApp-Image-2023-10-18-at-2.00.28-PM-1024x682.jpeg 1024w, https:\/\/www.radiointeractivo.com.mx\/wp-content\/uploads\/2023\/10\/WhatsApp-Image-2023-10-18-at-2.00.28-PM-300x200.jpeg 300w, https:\/\/www.radiointeractivo.com.mx\/wp-content\/uploads\/2023\/10\/WhatsApp-Image-2023-10-18-at-2.00.28-PM-768x512.jpeg 768w, https:\/\/www.radiointeractivo.com.mx\/wp-content\/uploads\/2023\/10\/WhatsApp-Image-2023-10-18-at-2.00.28-PM-1536x1023.jpeg 1536w, https:\/\/www.radiointeractivo.com.mx\/wp-content\/uploads\/2023\/10\/WhatsApp-Image-2023-10-18-at-2.00.28-PM-310x205.jpeg 310w, https:\/\/www.radiointeractivo.com.mx\/wp-content\/uploads\/2023\/10\/WhatsApp-Image-2023-10-18-at-2.00.28-PM.jpeg 1600w\" sizes=\"auto, (max-width: 1024px) 100vw, 1024px\" \/><\/figure>\n\n\n\n<p>Por: Staff | #DiazOrdaz #Tamaulipas<\/p>\n\n\n\n<p>Gustavo D\u00edaz Ordaz, Tam.- Este lunes al Alcaldesa Nataly Garc\u00eda D\u00edaz, dio el baderazo de arranque de obra a la construcci\u00f3n de una techumbre en el Preescolar Comunitario del Ejido San Vicente del Potrero.<\/p>\n\n\n\n<p>Cumpliendo uno m\u00e1s de sus compromisos de mejorar la infraestructura y crear los espacios seguros para ni\u00f1as y ni\u00f1os, la Alcaldesa puso en marcha esta obra acompa\u00f1ada de integrantes del H. Cabildo, padres de familia, alumnos y maestros.<\/p>\n\n\n\n<p>Una vez concluida esta obra, los alumnos de este plantel estar\u00e1n protegidos de los rayos del sol y las inclemencias del tiempo, y tendr\u00e1n un lugar protegido para sus actividades deportivas, continuando as\u00ed el Gobierno Municipal 2021-2024 de llevar mejoras a todos los rincones para continuar la transformaci\u00f3n del municipio m\u00e1s j\u00f3ven de Tamaulipas.<\/p>\n","protected":false},"excerpt":{"rendered":"<p>Por: Staff | #DiazOrdaz #Tamaulipas Gustavo D\u00edaz Ordaz, Tam.- Este lunes al Alcaldesa Nataly Garc\u00eda D\u00edaz, dio el baderazo de arranque de obra a la construcci\u00f3n de una techumbre en el Preescolar Comunitario del Ejido San Vicente del Potrero. Cumpliendo uno m\u00e1s de sus compromisos de mejorar la infraestructura y crear los espacios seguros para &hellip;<\/p>\n","protected":false},"author":1,"featured_media":2832,"comment_status":"open","ping_status":"open","sticky":false,"template":"","format":"standard","meta":{"footnotes":""},"categories":[39],"tags":[],"class_list":["post-2831","post","type-post","status-publish","format-standard","has-post-thumbnail","","category-tamaulipas"],"_links":{"self":[{"href":"https:\/\/www.radiointeractivo.com.mx\/index.php?rest_route=\/wp\/v2\/posts\/2831","targetHints":{"allow":["GET"]}}],"collection":[{"href":"https:\/\/www.radiointeractivo.com.mx\/index.php?rest_route=\/wp\/v2\/posts"}],"about":[{"href":"https:\/\/www.radiointeractivo.com.mx\/index.php?rest_route=\/wp\/v2\/types\/post"}],"author":[{"embeddable":true,"href":"https:\/\/www.radiointeractivo.com.mx\/index.php?rest_route=\/wp\/v2\/users\/1"}],"replies":[{"embeddable":true,"href":"https:\/\/www.radiointeractivo.com.mx\/index.php?rest_route=%2Fwp%2Fv2%2Fcomments&post=2831"}],"version-history":[{"count":2,"href":"https:\/\/www.radiointeractivo.com.mx\/index.php?rest_route=\/wp\/v2\/posts\/2831\/revisions"}],"predecessor-version":[{"id":3224,"href":"https:\/\/www.radiointeractivo.com.mx\/index.php?rest_route=\/wp\/v2\/posts\/2831\/revisions\/3224"}],"wp:featuredmedia":[{"embeddable":true,"href":"https:\/\/www.radiointeractivo.com.mx\/index.php?rest_route=\/wp\/v2\/media\/2832"}],"wp:attachment":[{"href":"https:\/\/www.radiointeractivo.com.mx\/index.php?rest_route=%2Fwp%2Fv2%2Fmedia&parent=2831"}],"wp:term":[{"taxonomy":"category","embeddable":true,"href":"https:\/\/www.radiointeractivo.com.mx\/index.php?rest_route=%2Fwp%2Fv2%2Fcategories&post=2831"},{"taxonomy":"post_tag","embeddable":true,"href":"https:\/\/www.radiointeractivo.com.mx\/index.php?rest_route=%2Fwp%2Fv2%2Ftags&post=2831"}],"curies":[{"name":"wp","href":"https:\/\/api.w.org\/{rel}","templated":true}]}}