{"id":2819,"date":"2023-10-17T17:32:23","date_gmt":"2023-10-17T22:32:23","guid":{"rendered":"https:\/\/www.radiointeractivo.com.mx\/?p=2819"},"modified":"2023-10-17T17:32:24","modified_gmt":"2023-10-17T22:32:24","slug":"entregara-alcaldesa-becas-a-estudiantes-universitarios-de-excelencia-y-egresados","status":"publish","type":"post","link":"https:\/\/www.radiointeractivo.com.mx\/?p=2819","title":{"rendered":"ENTREGAR\u00c1 ALCALDESA BECAS A ESTUDIANTES UNIVERSITARIOS DE EXCELENCIA Y EGRESADOS"},"content":{"rendered":"\n<p>Por: Staff | #NuevoLaredo #Tamaulipas<\/p>\n\n\n\n<p>Un total de 700 j\u00f3venes de diferentes carreras e instituciones educativas ser\u00e1n becados por el Gobierno Municipal a trav\u00e9s de las Becas UNE para la Excelencia Universitaria y de Titulaci\u00f3n, en las que se invirtieron 3 millones 954 mil 630 pesos para impulsar la educaci\u00f3n y la formaci\u00f3n de profesionistas en Nuevo Laredo.<\/p>\n\n\n\n<p>As\u00ed lo anunci\u00f3 la alcaldesa Carmen Lilia Canturosas Villarreal en conferencia de prensa e inform\u00f3 que la entrega de este apoyo a la educaci\u00f3n se realizar\u00e1 este jueves 26 de octubre en el Centro C\u00edvico \u201cCarlos Cant\u00fa Rosas\u201d en punto desde las 6:00 PM hasta las 8:00 PM.<\/p>\n\n\n\n<p>\u201cLo repito una vez m\u00e1s, nuestro compromiso con la educaci\u00f3n es inquebrantable, continuaremos impulsando a los estudiantes desde nivel b\u00e1sico hasta profesional y pueden estar seguros que siempre apoyaremos a las maestras y maestros de nuestra ciudad porque la educaci\u00f3n es la base para la transformaci\u00f3n de Nuevo Laredo\u201d, se\u00f1al\u00f3.<\/p>\n\n\n\n<p>Reiter\u00f3 que la inversi\u00f3n en infraestructura educativa no se detendr\u00e1 ya que brindar al sector educativo instalaciones de calidad favorece a la correcta formaci\u00f3n de las generaciones venideras.<\/p>\n\n\n\n<p>De ese total, 411 ciudadanos ser\u00e1n beneficiados con la beca para el t\u00edtulo profesional con una inversi\u00f3n de un mill\u00f3n 930 mil 630 pesos; mientras que 253 estudiantes contar\u00e1n con la beca a la excelencia universitaria en la que se invirtieron 2 millones 24 mil pesos.<\/p>\n","protected":false},"excerpt":{"rendered":"<p>Por: Staff | #NuevoLaredo #Tamaulipas Un total de 700 j\u00f3venes de diferentes carreras e instituciones educativas ser\u00e1n becados por el Gobierno Municipal a trav\u00e9s de las Becas UNE para la Excelencia Universitaria y de Titulaci\u00f3n, en las que se invirtieron 3 millones 954 mil 630 pesos para impulsar la educaci\u00f3n y la formaci\u00f3n de profesionistas &hellip;<\/p>\n","protected":false},"author":1,"featured_media":2820,"comment_status":"open","ping_status":"open","sticky":false,"template":"","format":"standard","meta":{"footnotes":""},"categories":[38],"tags":[],"class_list":["post-2819","post","type-post","status-publish","format-standard","has-post-thumbnail","","category-nuevo-laredo"],"_links":{"self":[{"href":"https:\/\/www.radiointeractivo.com.mx\/index.php?rest_route=\/wp\/v2\/posts\/2819","targetHints":{"allow":["GET"]}}],"collection":[{"href":"https:\/\/www.radiointeractivo.com.mx\/index.php?rest_route=\/wp\/v2\/posts"}],"about":[{"href":"https:\/\/www.radiointeractivo.com.mx\/index.php?rest_route=\/wp\/v2\/types\/post"}],"author":[{"embeddable":true,"href":"https:\/\/www.radiointeractivo.com.mx\/index.php?rest_route=\/wp\/v2\/users\/1"}],"replies":[{"embeddable":true,"href":"https:\/\/www.radiointeractivo.com.mx\/index.php?rest_route=%2Fwp%2Fv2%2Fcomments&post=2819"}],"version-history":[{"count":1,"href":"https:\/\/www.radiointeractivo.com.mx\/index.php?rest_route=\/wp\/v2\/posts\/2819\/revisions"}],"predecessor-version":[{"id":2821,"href":"https:\/\/www.radiointeractivo.com.mx\/index.php?rest_route=\/wp\/v2\/posts\/2819\/revisions\/2821"}],"wp:featuredmedia":[{"embeddable":true,"href":"https:\/\/www.radiointeractivo.com.mx\/index.php?rest_route=\/wp\/v2\/media\/2820"}],"wp:attachment":[{"href":"https:\/\/www.radiointeractivo.com.mx\/index.php?rest_route=%2Fwp%2Fv2%2Fmedia&parent=2819"}],"wp:term":[{"taxonomy":"category","embeddable":true,"href":"https:\/\/www.radiointeractivo.com.mx\/index.php?rest_route=%2Fwp%2Fv2%2Fcategories&post=2819"},{"taxonomy":"post_tag","embeddable":true,"href":"https:\/\/www.radiointeractivo.com.mx\/index.php?rest_route=%2Fwp%2Fv2%2Ftags&post=2819"}],"curies":[{"name":"wp","href":"https:\/\/api.w.org\/{rel}","templated":true}]}}