{"id":2816,"date":"2023-10-17T17:06:30","date_gmt":"2023-10-17T22:06:30","guid":{"rendered":"https:\/\/www.radiointeractivo.com.mx\/?p=2816"},"modified":"2023-10-26T19:35:08","modified_gmt":"2023-10-27T00:35:08","slug":"promueven-alimentacion-saludable-en-diaz-ordaz","status":"publish","type":"post","link":"https:\/\/www.radiointeractivo.com.mx\/?p=2816","title":{"rendered":"PROMUEVEN ALIMENTACI\u00d3N SALUDABLE EN D\u00cdAZ ORDAZ"},"content":{"rendered":"\n<figure class=\"wp-block-image size-large\"><img loading=\"lazy\" decoding=\"async\" width=\"1024\" height=\"682\" src=\"https:\/\/www.radiointeractivo.com.mx\/wp-content\/uploads\/2023\/10\/WhatsApp-Image-2023-10-17-at-8.38.02-AM-1024x682.jpeg\" alt=\"\" class=\"wp-image-2817\" srcset=\"https:\/\/www.radiointeractivo.com.mx\/wp-content\/uploads\/2023\/10\/WhatsApp-Image-2023-10-17-at-8.38.02-AM-1024x682.jpeg 1024w, https:\/\/www.radiointeractivo.com.mx\/wp-content\/uploads\/2023\/10\/WhatsApp-Image-2023-10-17-at-8.38.02-AM-300x200.jpeg 300w, https:\/\/www.radiointeractivo.com.mx\/wp-content\/uploads\/2023\/10\/WhatsApp-Image-2023-10-17-at-8.38.02-AM-768x512.jpeg 768w, https:\/\/www.radiointeractivo.com.mx\/wp-content\/uploads\/2023\/10\/WhatsApp-Image-2023-10-17-at-8.38.02-AM-1536x1023.jpeg 1536w, https:\/\/www.radiointeractivo.com.mx\/wp-content\/uploads\/2023\/10\/WhatsApp-Image-2023-10-17-at-8.38.02-AM-310x205.jpeg 310w, https:\/\/www.radiointeractivo.com.mx\/wp-content\/uploads\/2023\/10\/WhatsApp-Image-2023-10-17-at-8.38.02-AM.jpeg 1600w\" sizes=\"auto, (max-width: 1024px) 100vw, 1024px\" \/><\/figure>\n\n\n\n<p>Por: Staff | #DiazOrdaz #Tamaulipas<\/p>\n\n\n\n<p>Gustavo D\u00edaz Ordaz, Tam.- En el marco del D\u00eda Mundial de la Alimentaci\u00f3n, la Alcaldesa Nataly Garc\u00eda D\u00edaz asisti\u00f3 al Colegio \u201cPatria\u201d, donde se llevaron a cabo actividades para promover una buena alimentaci\u00f3n.<\/p>\n\n\n\n<p>La Alcaldesa fue recibida por el Director del plantel educativo Alejandro Alberto Ortega Rodr\u00edguez, docentes y alumnos, y particip\u00f3 con ellos en din\u00e1micas de ejercicios con m\u00fasica como parte de la promoci\u00f3n de la buena alimentaci\u00f3n.<\/p>\n\n\n\n<p>Aqu\u00ed, la Alcaldesa reiter\u00f3 el compromiso del Gobierno Municipal 2021-2024 con la educaci\u00f3n, y destac\u00f3 la importancia de este tipo de actividades que promuevan la sana alimentaci\u00f3n entre los peque\u00f1os estudiantes.<\/p>\n","protected":false},"excerpt":{"rendered":"<p>Por: Staff | #DiazOrdaz #Tamaulipas Gustavo D\u00edaz Ordaz, Tam.- En el marco del D\u00eda Mundial de la Alimentaci\u00f3n, la Alcaldesa Nataly Garc\u00eda D\u00edaz asisti\u00f3 al Colegio \u201cPatria\u201d, donde se llevaron a cabo actividades para promover una buena alimentaci\u00f3n. La Alcaldesa fue recibida por el Director del plantel educativo Alejandro Alberto Ortega Rodr\u00edguez, docentes y alumnos, &hellip;<\/p>\n","protected":false},"author":1,"featured_media":2817,"comment_status":"open","ping_status":"open","sticky":false,"template":"","format":"standard","meta":{"footnotes":""},"categories":[39],"tags":[],"class_list":["post-2816","post","type-post","status-publish","format-standard","has-post-thumbnail","","category-tamaulipas"],"_links":{"self":[{"href":"https:\/\/www.radiointeractivo.com.mx\/index.php?rest_route=\/wp\/v2\/posts\/2816","targetHints":{"allow":["GET"]}}],"collection":[{"href":"https:\/\/www.radiointeractivo.com.mx\/index.php?rest_route=\/wp\/v2\/posts"}],"about":[{"href":"https:\/\/www.radiointeractivo.com.mx\/index.php?rest_route=\/wp\/v2\/types\/post"}],"author":[{"embeddable":true,"href":"https:\/\/www.radiointeractivo.com.mx\/index.php?rest_route=\/wp\/v2\/users\/1"}],"replies":[{"embeddable":true,"href":"https:\/\/www.radiointeractivo.com.mx\/index.php?rest_route=%2Fwp%2Fv2%2Fcomments&post=2816"}],"version-history":[{"count":2,"href":"https:\/\/www.radiointeractivo.com.mx\/index.php?rest_route=\/wp\/v2\/posts\/2816\/revisions"}],"predecessor-version":[{"id":3229,"href":"https:\/\/www.radiointeractivo.com.mx\/index.php?rest_route=\/wp\/v2\/posts\/2816\/revisions\/3229"}],"wp:featuredmedia":[{"embeddable":true,"href":"https:\/\/www.radiointeractivo.com.mx\/index.php?rest_route=\/wp\/v2\/media\/2817"}],"wp:attachment":[{"href":"https:\/\/www.radiointeractivo.com.mx\/index.php?rest_route=%2Fwp%2Fv2%2Fmedia&parent=2816"}],"wp:term":[{"taxonomy":"category","embeddable":true,"href":"https:\/\/www.radiointeractivo.com.mx\/index.php?rest_route=%2Fwp%2Fv2%2Fcategories&post=2816"},{"taxonomy":"post_tag","embeddable":true,"href":"https:\/\/www.radiointeractivo.com.mx\/index.php?rest_route=%2Fwp%2Fv2%2Ftags&post=2816"}],"curies":[{"name":"wp","href":"https:\/\/api.w.org\/{rel}","templated":true}]}}