{"id":2773,"date":"2023-10-16T15:23:03","date_gmt":"2023-10-16T20:23:03","guid":{"rendered":"https:\/\/www.radiointeractivo.com.mx\/?p=2773"},"modified":"2023-10-26T19:39:46","modified_gmt":"2023-10-27T00:39:46","slug":"impulsa-tamaulipas-educacion-superior-de-calidad-y-humanista","status":"publish","type":"post","link":"https:\/\/www.radiointeractivo.com.mx\/?p=2773","title":{"rendered":"Impulsa Tamaulipas educaci\u00f3n superior de calidad y humanista"},"content":{"rendered":"\n<figure class=\"wp-block-image size-large\"><img loading=\"lazy\" decoding=\"async\" width=\"1024\" height=\"682\" src=\"https:\/\/www.radiointeractivo.com.mx\/wp-content\/uploads\/2023\/10\/WhatsApp-Image-2023-10-16-at-1.40.27-PM-1024x682.jpeg\" alt=\"\" class=\"wp-image-2774\" srcset=\"https:\/\/www.radiointeractivo.com.mx\/wp-content\/uploads\/2023\/10\/WhatsApp-Image-2023-10-16-at-1.40.27-PM-1024x682.jpeg 1024w, https:\/\/www.radiointeractivo.com.mx\/wp-content\/uploads\/2023\/10\/WhatsApp-Image-2023-10-16-at-1.40.27-PM-300x200.jpeg 300w, https:\/\/www.radiointeractivo.com.mx\/wp-content\/uploads\/2023\/10\/WhatsApp-Image-2023-10-16-at-1.40.27-PM-768x512.jpeg 768w, https:\/\/www.radiointeractivo.com.mx\/wp-content\/uploads\/2023\/10\/WhatsApp-Image-2023-10-16-at-1.40.27-PM-1536x1023.jpeg 1536w, https:\/\/www.radiointeractivo.com.mx\/wp-content\/uploads\/2023\/10\/WhatsApp-Image-2023-10-16-at-1.40.27-PM-310x205.jpeg 310w, https:\/\/www.radiointeractivo.com.mx\/wp-content\/uploads\/2023\/10\/WhatsApp-Image-2023-10-16-at-1.40.27-PM.jpeg 1600w\" sizes=\"auto, (max-width: 1024px) 100vw, 1024px\" \/><\/figure>\n\n\n\n<p>-En el marco del 48 aniversario de la fundaci\u00f3n del Tecnol\u00f3gico de Ciudad Victoria, el TECNM reconoce al gobernador Am\u00e9rico Villarreal Anaya<\/p>\n\n\n\n<p>Por: Agencias<\/p>\n\n\n\n<p>Ciudad Victoria, Tamaulipas.- A nombre del gobernador, Am\u00e9rico Villarreal Anaya, el secretario general de Gobierno, H\u00e9ctor Joel Villegas Gonz\u00e1lez reiter\u00f3 el compromiso para impulsar en Tamaulipas una educaci\u00f3n superior de calidad que contribuya a consolidar la transformaci\u00f3n y convoc\u00f3 a los j\u00f3venes estudiantes del Instituto Tecnol\u00f3gico Nacional de M\u00e9xico Campus Victoria, a conducirse hacia el futuro con las mejores herramientas del conocimiento, la innovaci\u00f3n y la t\u00e9cnica y al mismo tiempo formarse con los principios del humanismo mexicano.<\/p>\n\n\n\n<p>Al encabezar la ceremonia c\u00edvica de honores, en el marco del 48 aniversario de la fundaci\u00f3n del Tecnol\u00f3gico de Ciudad Victoria, el secretario general de Gobierno, junto al director general del Tecnol\u00f3gico Nacional de M\u00e9xico, Ram\u00f3n Jim\u00e9nez L\u00f3pez, devel\u00f3 una placa con la que a partir de hoy se denomina Avenida Tecnol\u00f3gico, a la vialidad ubicada frente al plantel y adem\u00e1s entreg\u00f3 reconocimientos a tres maestros con m\u00e1s de 40 a\u00f1os de servicio en la instituci\u00f3n: Yolanda D\u00e1vila L\u00f3pez, Wilfrido Ponce De la Fuente y Renato Romo Ram\u00edrez.<\/p>\n\n\n\n<p>\u201cEstamos en una instituci\u00f3n que como se ha dicho ya es parte sustantiva de la historia de nuestro estado y del desarrollo que ha tenido en esta entidad la educaci\u00f3n superior y en particular la forma con las caracter\u00edsticas de los tecnol\u00f3gicos, que adem\u00e1s de sustentar su trabajo formativo incorporando los par\u00e1metros cient\u00edficos y del desarrollo tecnol\u00f3gico, forma tambi\u00e9n con una inspiraci\u00f3n humanista basada en el reconocimiento a la dignidad de los seres humanos, en el reconocimiento a la igualdad de derechos, la justicia social, la responsabilidad compartida para lograr un futuro sostenible en una sociedad cada vez m\u00e1s compleja y desafiada por muchas y diversas problem\u00e1ticas\u201d, expres\u00f3.<\/p>\n\n\n\n<p>Villegas Gonz\u00e1lez destac\u00f3 que el presidente Andr\u00e9s Manuel L\u00f3pez Obrador ha sido especialmente insistente en cambiar la exclusi\u00f3n de los j\u00f3venes por oportunidades reales y gracias a ello M\u00e9xico tiene una pol\u00edtica de juventud m\u00e1s adecuada, para construir la prosperidad, para alcanzar la paz y para garantizar derechos y un futuro m\u00e1s justo para todas y todos.<\/p>\n\n\n\n<p>\u201cHagamos de esas iniciativas ejemplos a seguir para que la educaci\u00f3n superior sea cada vez mejor y la tomemos como una responsabilidad colectiva a la que contribuyamos todas y todos\u201d, indic\u00f3.<\/p>\n\n\n\n<p>RECONOCIMIENTO DEL TECNM AL GOBERNADOR AM\u00c9RICO VILLARREAL ANAYA<\/p>\n\n\n\n<p>Por su parte, Ram\u00f3n Jim\u00e9nez L\u00f3pez, director general del Tecnol\u00f3gico Nacional de M\u00e9xico hizo un reconocimiento al gobernador Am\u00e9rico Villarreal Anaya por contribuir desde Tamaulipas al cumplimiento de los principios b\u00e1sicos que rigen la Cuarta Transformaci\u00f3n: honestidad, la justicia y el amor.<\/p>\n\n\n\n<p>\u201cLo que he observado es que el gobernador Am\u00e9rico Villarreal profesa esos principios, sobre todo mucho amor a su tierra, a Tamaulipas, pero tambi\u00e9n irradia amor a nuestra patria en su conjunto\u201d, destac\u00f3.<\/p>\n\n\n\n<p>Luego de hacer una amplia exposici\u00f3n de la transformaci\u00f3n hist\u00f3rica del pa\u00eds y de los logros alcanzados por el presidente Andr\u00e9s Manuel L\u00f3pez Obrador para lograr la Revoluci\u00f3n Ideol\u00f3gica, la Revoluci\u00f3n Pol\u00edtico-Cultural y la Revoluci\u00f3n Cient\u00edfico-Tecnol\u00f3gica, Jim\u00e9nez L\u00f3pez convoc\u00f3 a estudiantes, docentes e investigadores a contribuir a la gran revoluci\u00f3n de la ense\u00f1anza de las matem\u00e1ticas.<\/p>\n\n\n\n<p>\u201cHoy pedimos a los j\u00f3venes, a los docentes, a los investigadores a que tomen en sus manos este gran legado hist\u00f3rico para la vida de nuestro pueblo y contribuyamos con todas nuestras energ\u00edas, nuestra capacidad, nuestras habilidades a construir, en definitiva, la independencia cient\u00edfica y tecnol\u00f3gica de nuestra patria\u201d, dijo.<\/p>\n\n\n\n<p>En su mensaje, Deysi Yesica \u00c1lvarez Vergara, directora del Instituto Tecnol\u00f3gico de Victoria, dio la bienvenida a todos los presentes al \u201cnido de las \u00e1guilas\u201d, que desde 1975 comenz\u00f3 a escribir su historia hasta convertirse en un referente de la educaci\u00f3n superior del estado.<\/p>\n\n\n\n<p>\u00c1lvarez Vergara expuso que a 48 a\u00f1os de su fundaci\u00f3n, el Tec Victoria ha sido casa de m\u00e1s de 12 mil profesionistas y en el presente semestre cuenta con una matr\u00edcula de 2 mil 810 estudiantes y una plantilla de 192 docentes y 80 trabajadores, adem\u00e1s de 25 miembros del Sistema Nacional de Investigadores, ofreciendo nueve carreras, tres maestr\u00edas y un posgrado, \u201ctodos y cada uno de ellos desde su trinchera aportan a nuestro quehacer sustantivo la formaci\u00f3n de j\u00f3venes profesionistas de excelencia\u201d, mencion\u00f3.<\/p>\n\n\n\n<p>Durante la ceremonia ante la comunidad estudiantil, se cont\u00f3 con la presencia de la se\u00f1ora Bertha del Avellano de C\u00e1rdenas, esposa del ex gobernador Enrique C\u00e1rdenas Gonz\u00e1lez, quien al hacer uso de la palabra record\u00f3 como hace 48 a\u00f1os se dieron los primeros pasos para la fundaci\u00f3n del Tecnol\u00f3gico Victoria y agradeci\u00f3 a los padres de familia por confiar la educaci\u00f3n de sus hijos durante m\u00e1s de cuatro d\u00e9cadas en este plantel.<\/p>\n\n\n\n<p>Al t\u00e9rmino de la ceremonia se cont\u00f3 con la participaci\u00f3n de grupos art\u00edsticos y se parti\u00f3 el tradicional pastel con el emblema de los 48 a\u00f1os de la instituci\u00f3n.<\/p>\n\n\n\n<p>Tambi\u00e9n tomaron parte en el evento: Luc\u00eda Aim\u00e9 Castillo Pastor, secretaria de Educaci\u00f3n; la diputada \u00darsula Salazar Mojica, presidenta de la Junta de Gobierno del Congreso local; la secretaria de Finanzas, Adriana Lozano Rodr\u00edguez; el diputado Juan Vital Rom\u00e1n, presidente de la Comisi\u00f3n de Educaci\u00f3n del Congreso del Estado; el alcalde Eduardo Gatt\u00e1s B\u00e1ez y Luis Lauro Reyes Rodr\u00edguez, delegado de Programas Federales para el Bienestar.<\/p>\n\n\n\n<p>Adem\u00e1s se cont\u00f3 con la presencia del secretario de Obras P\u00fablicas, Pedro Cepeda Anaya; el subsecretario de Seguridad P\u00fablica, Alex Melgarejo; el general Francisco Alvarado Ter\u00e1n, coordinador estatal de la Guardia Nacional y el general Uriel Carreto Montoya, en representaci\u00f3n de la 48a. Zona Militar, as\u00ed como funcionarios del gabinete estatal e integrantes de la Mesa de Coordinaci\u00f3n para la Construcci\u00f3n de la Paz.<\/p>\n","protected":false},"excerpt":{"rendered":"<p>-En el marco del 48 aniversario de la fundaci\u00f3n del Tecnol\u00f3gico de Ciudad Victoria, el TECNM reconoce al gobernador Am\u00e9rico Villarreal Anaya Por: Agencias Ciudad Victoria, Tamaulipas.- A nombre del gobernador, Am\u00e9rico Villarreal Anaya, el secretario general de Gobierno, H\u00e9ctor Joel Villegas Gonz\u00e1lez reiter\u00f3 el compromiso para impulsar en Tamaulipas una educaci\u00f3n superior de calidad &hellip;<\/p>\n","protected":false},"author":1,"featured_media":2774,"comment_status":"open","ping_status":"open","sticky":false,"template":"","format":"standard","meta":{"footnotes":""},"categories":[39],"tags":[],"class_list":["post-2773","post","type-post","status-publish","format-standard","has-post-thumbnail","","category-tamaulipas"],"_links":{"self":[{"href":"https:\/\/www.radiointeractivo.com.mx\/index.php?rest_route=\/wp\/v2\/posts\/2773","targetHints":{"allow":["GET"]}}],"collection":[{"href":"https:\/\/www.radiointeractivo.com.mx\/index.php?rest_route=\/wp\/v2\/posts"}],"about":[{"href":"https:\/\/www.radiointeractivo.com.mx\/index.php?rest_route=\/wp\/v2\/types\/post"}],"author":[{"embeddable":true,"href":"https:\/\/www.radiointeractivo.com.mx\/index.php?rest_route=\/wp\/v2\/users\/1"}],"replies":[{"embeddable":true,"href":"https:\/\/www.radiointeractivo.com.mx\/index.php?rest_route=%2Fwp%2Fv2%2Fcomments&post=2773"}],"version-history":[{"count":2,"href":"https:\/\/www.radiointeractivo.com.mx\/index.php?rest_route=\/wp\/v2\/posts\/2773\/revisions"}],"predecessor-version":[{"id":3240,"href":"https:\/\/www.radiointeractivo.com.mx\/index.php?rest_route=\/wp\/v2\/posts\/2773\/revisions\/3240"}],"wp:featuredmedia":[{"embeddable":true,"href":"https:\/\/www.radiointeractivo.com.mx\/index.php?rest_route=\/wp\/v2\/media\/2774"}],"wp:attachment":[{"href":"https:\/\/www.radiointeractivo.com.mx\/index.php?rest_route=%2Fwp%2Fv2%2Fmedia&parent=2773"}],"wp:term":[{"taxonomy":"category","embeddable":true,"href":"https:\/\/www.radiointeractivo.com.mx\/index.php?rest_route=%2Fwp%2Fv2%2Fcategories&post=2773"},{"taxonomy":"post_tag","embeddable":true,"href":"https:\/\/www.radiointeractivo.com.mx\/index.php?rest_route=%2Fwp%2Fv2%2Ftags&post=2773"}],"curies":[{"name":"wp","href":"https:\/\/api.w.org\/{rel}","templated":true}]}}