{"id":2642,"date":"2023-10-11T18:07:38","date_gmt":"2023-10-11T23:07:38","guid":{"rendered":"https:\/\/www.radiointeractivo.com.mx\/?p=2642"},"modified":"2023-10-26T19:55:34","modified_gmt":"2023-10-27T00:55:34","slug":"gustavo-cardenas-presenta-iniciativa-para-atender-y-a-atacar-al-cancer-de-mama-en-tamaulipas","status":"publish","type":"post","link":"https:\/\/www.radiointeractivo.com.mx\/?p=2642","title":{"rendered":"GUSTAVO C\u00c1RDENAS PRESENTA INICIATIVA PARA ATENDER Y A ATACAR AL C\u00c1NCER DE MAMA EN TAMAULIPAS"},"content":{"rendered":"\n<figure class=\"wp-block-image size-large\"><img loading=\"lazy\" decoding=\"async\" width=\"1024\" height=\"682\" src=\"https:\/\/www.radiointeractivo.com.mx\/wp-content\/uploads\/2023\/10\/WhatsApp-Image-2023-10-11-at-8.44.58-AM-1024x682.jpeg\" alt=\"\" class=\"wp-image-2643\" srcset=\"https:\/\/www.radiointeractivo.com.mx\/wp-content\/uploads\/2023\/10\/WhatsApp-Image-2023-10-11-at-8.44.58-AM-1024x682.jpeg 1024w, https:\/\/www.radiointeractivo.com.mx\/wp-content\/uploads\/2023\/10\/WhatsApp-Image-2023-10-11-at-8.44.58-AM-300x200.jpeg 300w, https:\/\/www.radiointeractivo.com.mx\/wp-content\/uploads\/2023\/10\/WhatsApp-Image-2023-10-11-at-8.44.58-AM-768x512.jpeg 768w, https:\/\/www.radiointeractivo.com.mx\/wp-content\/uploads\/2023\/10\/WhatsApp-Image-2023-10-11-at-8.44.58-AM-310x205.jpeg 310w, https:\/\/www.radiointeractivo.com.mx\/wp-content\/uploads\/2023\/10\/WhatsApp-Image-2023-10-11-at-8.44.58-AM.jpeg 1280w\" sizes=\"auto, (max-width: 1024px) 100vw, 1024px\" \/><\/figure>\n\n\n\n<p>Por: Agencias<\/p>\n\n\n\n<p>Ciudad Victoria, Tamps.- En el marco del Mes de Sensibilizaci\u00f3n sobre el C\u00e1ncer de Mama, el diputado por Movimiento Ciudadano Gustavo C\u00e1rdenas Guti\u00e9rrez subi\u00f3 al Pleno Legislativo este martes para emitir un exhorto respetuoso a la Secretar\u00eda de Salud del Estado, resaltando que desafortunadamente en nuestra entidad se coloca en el segundo lugar nacional en defunciones por dicho padecimiento.<\/p>\n\n\n\n<p>El legislador naranja se\u00f1al\u00f3 que a pesar de las campa\u00f1as p\u00fablicas de prevenci\u00f3n, en M\u00e9xico esta enfermedad representa un serio problema de salud p\u00fablica ya que en el 60 por ciento de los casos las mujeres son diagnosticadas en etapas avanzadas y s\u00f3lo el 50 por ciento pasa a la tasa de supervivencia.<\/p>\n\n\n\n<p>Continuando con su participaci\u00f3n, C\u00e1rdenas Guti\u00e9rrez dijo que \u201cla importancia de la detecci\u00f3n precoz, a fin de mejorar el pron\u00f3stico y la supervivencia de los casos de c\u00e1ncer de mama, lo cual sigue siendo la piedra angular de la lucha contra esta enfermedad. Por ello es vital que el Estado no baje la guardia en implementar programas integrales de lucha contra el c\u00e1ncer de mama, dando prioridad a estrategias de prevenci\u00f3n y detecci\u00f3n oportuna con base en la autoexploraci\u00f3n y mastograf\u00eda\u201d.<\/p>\n\n\n\n<p>De igual manera Gustavo C\u00e1rdenas hizo un llamado a las mujeres tamaulipecas para practicar la autoexploraci\u00f3n mamaria, as\u00ed como cambiar a estilos de vida m\u00e1s saludables que incluyan alimentaci\u00f3n adecuada, eviten el sobrepeso, tabaco y alcohol, ya que es un hecho que cuando la enfermedad es detectada a tiempo, el \u00edndice de mortalidad disminuye de manera notable y los efectos agresivos de su tratamiento tambi\u00e9n.<\/p>\n","protected":false},"excerpt":{"rendered":"<p>Por: Agencias Ciudad Victoria, Tamps.- En el marco del Mes de Sensibilizaci\u00f3n sobre el C\u00e1ncer de Mama, el diputado por Movimiento Ciudadano Gustavo C\u00e1rdenas Guti\u00e9rrez subi\u00f3 al Pleno Legislativo este martes para emitir un exhorto respetuoso a la Secretar\u00eda de Salud del Estado, resaltando que desafortunadamente en nuestra entidad se coloca en el segundo lugar &hellip;<\/p>\n","protected":false},"author":1,"featured_media":2643,"comment_status":"open","ping_status":"open","sticky":false,"template":"","format":"standard","meta":{"footnotes":""},"categories":[39],"tags":[],"class_list":["post-2642","post","type-post","status-publish","format-standard","has-post-thumbnail","","category-tamaulipas"],"_links":{"self":[{"href":"https:\/\/www.radiointeractivo.com.mx\/index.php?rest_route=\/wp\/v2\/posts\/2642","targetHints":{"allow":["GET"]}}],"collection":[{"href":"https:\/\/www.radiointeractivo.com.mx\/index.php?rest_route=\/wp\/v2\/posts"}],"about":[{"href":"https:\/\/www.radiointeractivo.com.mx\/index.php?rest_route=\/wp\/v2\/types\/post"}],"author":[{"embeddable":true,"href":"https:\/\/www.radiointeractivo.com.mx\/index.php?rest_route=\/wp\/v2\/users\/1"}],"replies":[{"embeddable":true,"href":"https:\/\/www.radiointeractivo.com.mx\/index.php?rest_route=%2Fwp%2Fv2%2Fcomments&post=2642"}],"version-history":[{"count":2,"href":"https:\/\/www.radiointeractivo.com.mx\/index.php?rest_route=\/wp\/v2\/posts\/2642\/revisions"}],"predecessor-version":[{"id":3271,"href":"https:\/\/www.radiointeractivo.com.mx\/index.php?rest_route=\/wp\/v2\/posts\/2642\/revisions\/3271"}],"wp:featuredmedia":[{"embeddable":true,"href":"https:\/\/www.radiointeractivo.com.mx\/index.php?rest_route=\/wp\/v2\/media\/2643"}],"wp:attachment":[{"href":"https:\/\/www.radiointeractivo.com.mx\/index.php?rest_route=%2Fwp%2Fv2%2Fmedia&parent=2642"}],"wp:term":[{"taxonomy":"category","embeddable":true,"href":"https:\/\/www.radiointeractivo.com.mx\/index.php?rest_route=%2Fwp%2Fv2%2Fcategories&post=2642"},{"taxonomy":"post_tag","embeddable":true,"href":"https:\/\/www.radiointeractivo.com.mx\/index.php?rest_route=%2Fwp%2Fv2%2Ftags&post=2642"}],"curies":[{"name":"wp","href":"https:\/\/api.w.org\/{rel}","templated":true}]}}