{"id":2636,"date":"2023-10-11T16:30:02","date_gmt":"2023-10-11T21:30:02","guid":{"rendered":"https:\/\/www.radiointeractivo.com.mx\/?p=2636"},"modified":"2023-10-11T16:30:03","modified_gmt":"2023-10-11T21:30:03","slug":"imparten-taller-de-educacion-emocional-a-personal-del-dif","status":"publish","type":"post","link":"https:\/\/www.radiointeractivo.com.mx\/?p=2636","title":{"rendered":"IMPARTEN TALLER DE EDUCACI\u00d3N EMOCIONAL A PERSONAL DEL DIF"},"content":{"rendered":"\n<p>Por: Staff | #NuevoLaredo #Tamaulipas<\/p>\n\n\n\n<p>Con el objetivo de brindar herramientas que permitan una mejor educaci\u00f3n en los ni\u00f1os y adolescentes que se encuentran bajo la tutela del Sistema DIF de Nuevo Laredo, el personal de Casa Hogar \u201cMi Casa DIF\u201d recibi\u00f3 el taller \u201cEducando desde la Inteligencia Emocional\u201d<\/p>\n\n\n\n<p>La capacitaci\u00f3n fue impartida por Gabriela Hern\u00e1ndez quien es psic\u00f3loga, m\u00e1ster en educaci\u00f3n y m\u00faltiple certificada en posgrados de salud mental y desarrollo infantil.<\/p>\n\n\n\n<p>El director general del DIF, Jos\u00e9 Luis Pintado Gamboa, destac\u00f3 que este tipo de actividades se realizan con la finalidad de brindar herramientas a los funcionarios que laboran en \u00e1reas espec\u00edficas al cuidado de los menores.<\/p>\n\n\n\n<p>\u201cPara nosotros es muy importante que el personal est\u00e9 constantemente actualizados y preparado para ofrecer una mejor atenci\u00f3n a la ciudadan\u00eda y en este caso para nuestras ni\u00f1as y ni\u00f1os de Casa Hogar y Semillas de Amor&#8221; coment\u00f3<\/p>\n\n\n\n<p>A\u00f1adi\u00f3 que la colaboraci\u00f3n de la psic\u00f3loga Gabriela Hern\u00e1ndez, seguir\u00e1 presente en las diferentes \u00e1reas del Sistema DIF que brinden atenci\u00f3n a los menores de esta ciudad fronteriza.<\/p>\n\n\n\n<p>Para el DIF de Nuevo Laredo que preside Claudette Canturosas Villarreal, es una prioridad mantener preparado al personal que labora en los centros de protecci\u00f3n a menores para que puedan atenderlos de la mejor manera posible y reint\u00e9gralos a la sociedad con una mejor educaci\u00f3n que se vea reflejado en su comportamiento.<\/p>\n","protected":false},"excerpt":{"rendered":"<p>Por: Staff | #NuevoLaredo #Tamaulipas Con el objetivo de brindar herramientas que permitan una mejor educaci\u00f3n en los ni\u00f1os y adolescentes que se encuentran bajo la tutela del Sistema DIF de Nuevo Laredo, el personal de Casa Hogar \u201cMi Casa DIF\u201d recibi\u00f3 el taller \u201cEducando desde la Inteligencia Emocional\u201d La capacitaci\u00f3n fue impartida por Gabriela &hellip;<\/p>\n","protected":false},"author":1,"featured_media":2637,"comment_status":"open","ping_status":"open","sticky":false,"template":"","format":"standard","meta":{"footnotes":""},"categories":[38],"tags":[],"class_list":["post-2636","post","type-post","status-publish","format-standard","has-post-thumbnail","","category-nuevo-laredo"],"_links":{"self":[{"href":"https:\/\/www.radiointeractivo.com.mx\/index.php?rest_route=\/wp\/v2\/posts\/2636","targetHints":{"allow":["GET"]}}],"collection":[{"href":"https:\/\/www.radiointeractivo.com.mx\/index.php?rest_route=\/wp\/v2\/posts"}],"about":[{"href":"https:\/\/www.radiointeractivo.com.mx\/index.php?rest_route=\/wp\/v2\/types\/post"}],"author":[{"embeddable":true,"href":"https:\/\/www.radiointeractivo.com.mx\/index.php?rest_route=\/wp\/v2\/users\/1"}],"replies":[{"embeddable":true,"href":"https:\/\/www.radiointeractivo.com.mx\/index.php?rest_route=%2Fwp%2Fv2%2Fcomments&post=2636"}],"version-history":[{"count":1,"href":"https:\/\/www.radiointeractivo.com.mx\/index.php?rest_route=\/wp\/v2\/posts\/2636\/revisions"}],"predecessor-version":[{"id":2638,"href":"https:\/\/www.radiointeractivo.com.mx\/index.php?rest_route=\/wp\/v2\/posts\/2636\/revisions\/2638"}],"wp:featuredmedia":[{"embeddable":true,"href":"https:\/\/www.radiointeractivo.com.mx\/index.php?rest_route=\/wp\/v2\/media\/2637"}],"wp:attachment":[{"href":"https:\/\/www.radiointeractivo.com.mx\/index.php?rest_route=%2Fwp%2Fv2%2Fmedia&parent=2636"}],"wp:term":[{"taxonomy":"category","embeddable":true,"href":"https:\/\/www.radiointeractivo.com.mx\/index.php?rest_route=%2Fwp%2Fv2%2Fcategories&post=2636"},{"taxonomy":"post_tag","embeddable":true,"href":"https:\/\/www.radiointeractivo.com.mx\/index.php?rest_route=%2Fwp%2Fv2%2Ftags&post=2636"}],"curies":[{"name":"wp","href":"https:\/\/api.w.org\/{rel}","templated":true}]}}