{"id":2630,"date":"2023-10-11T14:57:48","date_gmt":"2023-10-11T19:57:48","guid":{"rendered":"https:\/\/www.radiointeractivo.com.mx\/?p=2630"},"modified":"2023-10-11T14:57:49","modified_gmt":"2023-10-11T19:57:49","slug":"iniciara-campana-de-vacunacion-contra-la-influenza","status":"publish","type":"post","link":"https:\/\/www.radiointeractivo.com.mx\/?p=2630","title":{"rendered":"INICIAR\u00c1 CAMPA\u00d1A DE VACUNACI\u00d3N CONTRA LA INFLUENZA"},"content":{"rendered":"\n<p>Por: Staff | #NuevoLaredo #Tamaulipas<\/p>\n\n\n\n<p>El Gobierno de Nuevo Laredo implementar\u00e1 una intensa campa\u00f1a de vacunaci\u00f3n contra el virus de la influenza con la finalidad de prevenir esta enfermedad respiratoria.<\/p>\n\n\n\n<p>La doctora Liliana Arjona Barocio, titular de la Secretar\u00eda de Bienestar Social, indic\u00f3 que la dosis tarda un mes en hacer efecto por eso es importante que la poblaci\u00f3n atienda esta convocatoria de vacunaci\u00f3n.<\/p>\n\n\n\n<p>\u201cSabemos que la influenza es la causa n\u00famero uno de muerte, por eso hacemos un llamado a la ciudadan\u00eda para que sea parte de estas campa\u00f1as de vacunaci\u00f3n y no se enferme\u201d, mencion\u00f3 Arjona Barocio.<\/p>\n\n\n\n<p>La campa\u00f1a de vacunaci\u00f3n est\u00e1 dirigida para beb\u00e9s de seis meses hasta adultos mayores.<\/p>\n\n\n\n<p>Este beneficio municipal dar\u00e1 inicio a partir del jueves 12 de octubre de 8:00 de la ma\u00f1ana a 3:30 de la tarde en las ocho Cl\u00ednicas UNE que se encuentran ubicadas estrat\u00e9gicamente en diferentes colonias de la ciudad para que acudan los ciudadanos.<\/p>\n\n\n\n<p>En la calle Art\u00edculo 6 entre Prometeo y Articulo 123, colonia Toboganes; Monte Olimpo entre Esfinge e Himeneo, colonia El Progreso; R\u00edo Grijalva y R\u00edo Churubusco, colonia El Campanario; Guanajuato y Tamaulipas, colonia Palmares.<\/p>\n\n\n\n<p>En avenida Vencedor entre Canad\u00e1 y Diploma, colonia Los Olivos II; avenida Vencedor, colonia Primero de Mayo; Nogales entre Durazno y Ciruelos, colonia Valles del Para\u00edso; y Quirino Mendoza n\u00famero 4815, colonia Santa Cecilia.<\/p>\n","protected":false},"excerpt":{"rendered":"<p>Por: Staff | #NuevoLaredo #Tamaulipas El Gobierno de Nuevo Laredo implementar\u00e1 una intensa campa\u00f1a de vacunaci\u00f3n contra el virus de la influenza con la finalidad de prevenir esta enfermedad respiratoria. La doctora Liliana Arjona Barocio, titular de la Secretar\u00eda de Bienestar Social, indic\u00f3 que la dosis tarda un mes en hacer efecto por eso es &hellip;<\/p>\n","protected":false},"author":1,"featured_media":2631,"comment_status":"open","ping_status":"open","sticky":false,"template":"","format":"standard","meta":{"footnotes":""},"categories":[38],"tags":[],"class_list":["post-2630","post","type-post","status-publish","format-standard","has-post-thumbnail","","category-nuevo-laredo"],"_links":{"self":[{"href":"https:\/\/www.radiointeractivo.com.mx\/index.php?rest_route=\/wp\/v2\/posts\/2630","targetHints":{"allow":["GET"]}}],"collection":[{"href":"https:\/\/www.radiointeractivo.com.mx\/index.php?rest_route=\/wp\/v2\/posts"}],"about":[{"href":"https:\/\/www.radiointeractivo.com.mx\/index.php?rest_route=\/wp\/v2\/types\/post"}],"author":[{"embeddable":true,"href":"https:\/\/www.radiointeractivo.com.mx\/index.php?rest_route=\/wp\/v2\/users\/1"}],"replies":[{"embeddable":true,"href":"https:\/\/www.radiointeractivo.com.mx\/index.php?rest_route=%2Fwp%2Fv2%2Fcomments&post=2630"}],"version-history":[{"count":1,"href":"https:\/\/www.radiointeractivo.com.mx\/index.php?rest_route=\/wp\/v2\/posts\/2630\/revisions"}],"predecessor-version":[{"id":2632,"href":"https:\/\/www.radiointeractivo.com.mx\/index.php?rest_route=\/wp\/v2\/posts\/2630\/revisions\/2632"}],"wp:featuredmedia":[{"embeddable":true,"href":"https:\/\/www.radiointeractivo.com.mx\/index.php?rest_route=\/wp\/v2\/media\/2631"}],"wp:attachment":[{"href":"https:\/\/www.radiointeractivo.com.mx\/index.php?rest_route=%2Fwp%2Fv2%2Fmedia&parent=2630"}],"wp:term":[{"taxonomy":"category","embeddable":true,"href":"https:\/\/www.radiointeractivo.com.mx\/index.php?rest_route=%2Fwp%2Fv2%2Fcategories&post=2630"},{"taxonomy":"post_tag","embeddable":true,"href":"https:\/\/www.radiointeractivo.com.mx\/index.php?rest_route=%2Fwp%2Fv2%2Ftags&post=2630"}],"curies":[{"name":"wp","href":"https:\/\/api.w.org\/{rel}","templated":true}]}}