{"id":2624,"date":"2023-10-10T18:39:20","date_gmt":"2023-10-10T23:39:20","guid":{"rendered":"https:\/\/www.radiointeractivo.com.mx\/?p=2624"},"modified":"2023-10-26T19:57:39","modified_gmt":"2023-10-27T00:57:39","slug":"bajo-el-liderazgo-del-gobernador-set-y-snte-sellan-el-compromiso-de-trabajar-unidos-por-tamaulipas","status":"publish","type":"post","link":"https:\/\/www.radiointeractivo.com.mx\/?p=2624","title":{"rendered":"Bajo el liderazgo del gobernador, SET y SNTE sellan el compromiso de trabajar unidos por Tamaulipas"},"content":{"rendered":"\n<figure class=\"wp-block-image size-full\"><img loading=\"lazy\" decoding=\"async\" width=\"1024\" height=\"506\" src=\"https:\/\/www.radiointeractivo.com.mx\/wp-content\/uploads\/2023\/10\/WhatsApp-Image-2023-10-10-at-5.46.31-PM.jpeg\" alt=\"\" class=\"wp-image-2625\" srcset=\"https:\/\/www.radiointeractivo.com.mx\/wp-content\/uploads\/2023\/10\/WhatsApp-Image-2023-10-10-at-5.46.31-PM.jpeg 1024w, https:\/\/www.radiointeractivo.com.mx\/wp-content\/uploads\/2023\/10\/WhatsApp-Image-2023-10-10-at-5.46.31-PM-300x148.jpeg 300w, https:\/\/www.radiointeractivo.com.mx\/wp-content\/uploads\/2023\/10\/WhatsApp-Image-2023-10-10-at-5.46.31-PM-768x380.jpeg 768w\" sizes=\"auto, (max-width: 1024px) 100vw, 1024px\" \/><\/figure>\n\n\n\n<p>Por: Agencias<\/p>\n\n\n\n<p>Ciudad de M\u00e9xico.- Con un afectuoso apret\u00f3n de manos, la secretaria de Educaci\u00f3n de Tamaulipas, Luc\u00eda Aim\u00e9 Castillo Pastor y el l\u00edder de la Secci\u00f3n 30 del SNTE, Arnulfo Rodr\u00edguez Trevi\u00f1o, sellaron aqu\u00ed, el compromiso de trabajar unidos por Tamaulipas, bajo el liderazgo del gobernador Am\u00e9rico Villarreal Anaya, y establecieron una ruta de 16 pasos para continuar con la atenci\u00f3n a las demandas laborales de los maestros tamaulipecos.<\/p>\n\n\n\n<p>Esto sucedi\u00f3 hoy a las 13:00 horas, al concluir la mesa de trabajo celebrada en el Sal\u00f3n Benito Ju\u00e1rez de la Secretar\u00eda de Educaci\u00f3n P\u00fablica, presidida por el titular de la Unidad de Administraci\u00f3n y Finanzas de la SEP, Oscar Flores Jim\u00e9nez y el coordinador de Relaciones Laborales del CEN del SNTE, Jos\u00e9 Nieves Garc\u00eda Caro, quienes acompa\u00f1aron, durante dos d\u00edas, a los equipos t\u00e9cnicos del Comit\u00e9 Ejecutivo de la Secci\u00f3n 30 y la Secretar\u00eda de Educaci\u00f3n de Tamaulipas.<\/p>\n\n\n\n<p>Al t\u00e9rmino de las sesiones de trabajo, se firm\u00f3 una minuta en la que se hicieron compromisos para que la Secretar\u00eda de Educaci\u00f3n de Tamaulipas reciba el d\u00eda 13 de octubre en sus instalaciones, la relaci\u00f3n y documentaci\u00f3n soporte de los pagos omitidos del 2019 a la fecha, para realizar el an\u00e1lisis y en su caso gesti\u00f3n, en no m\u00e1s de diez d\u00edas.<\/p>\n\n\n\n<p>Tambi\u00e9n acordaron instalar el martes 17 de octubre una mesa de trabajo para darle seguimiento a la regularizaci\u00f3n de los techos financieros y asignaci\u00f3n de vacancias.<\/p>\n\n\n\n<p>Asimismo, la SET y la USICAMM establecer\u00e1n un protocolo de atenci\u00f3n para la movilidad del personal docente, que priorice la integridad y seguridad por situaciones de riesgo.<\/p>\n\n\n\n<p>La SET tambi\u00e9n analizar\u00e1 la pertinencia de recategorizar a los asesores de ingl\u00e9s para otorgar una categor\u00eda docente.<\/p>\n\n\n\n<p>La USICAMM, a su vez, consultar\u00e1 a la Direcci\u00f3n General de Recursos Humanos de la SEP para contar a m\u00e1s tardar para el 23 octubre con un criterio homologado para los movimientos de permuta, de acuerdo a lo establecido en la minuta final que firmaron todos los representantes del SNTE , la SET y la SEP.<\/p>\n\n\n\n<p>Por \u00faltimo, se dej\u00f3 establecido que la secretaria de Educaci\u00f3n de Tamaulipas y el dirigente de la Secci\u00f3n 30 del SNTE, mantendr\u00e1n una comunicaci\u00f3n directa, sin interlocutores, porque esto permiti\u00f3 en el pasado llegar a acuerdos, como la distribuci\u00f3n de 1,342 horas para educaci\u00f3n f\u00edsica, a los maestros de preescolar y primaria, cumpliendo adem\u00e1s un compromiso adquirido por el propio mandatario con los docentes sobre ese tema en particular.<\/p>\n\n\n\n<p>En todo momento qued\u00f3 clara la mejor disposici\u00f3n del gobernador Am\u00e9rico Villarreal Anaya para atender las inquietudes y demandas del magisterio de Tamaulipas, ya que fue su gesti\u00f3n la que permiti\u00f3 que se desarrollara esta mesa de di\u00e1logo y trabajo, la cual concluy\u00f3 exitosamente en la capital de la Rep\u00fablica y continuar\u00e1 en seguimiento en la entidad tamaulipeca.<\/p>\n","protected":false},"excerpt":{"rendered":"<p>Por: Agencias Ciudad de M\u00e9xico.- Con un afectuoso apret\u00f3n de manos, la secretaria de Educaci\u00f3n de Tamaulipas, Luc\u00eda Aim\u00e9 Castillo Pastor y el l\u00edder de la Secci\u00f3n 30 del SNTE, Arnulfo Rodr\u00edguez Trevi\u00f1o, sellaron aqu\u00ed, el compromiso de trabajar unidos por Tamaulipas, bajo el liderazgo del gobernador Am\u00e9rico Villarreal Anaya, y establecieron una ruta de &hellip;<\/p>\n","protected":false},"author":1,"featured_media":2625,"comment_status":"open","ping_status":"open","sticky":false,"template":"","format":"standard","meta":{"footnotes":""},"categories":[39],"tags":[],"class_list":["post-2624","post","type-post","status-publish","format-standard","has-post-thumbnail","","category-tamaulipas"],"_links":{"self":[{"href":"https:\/\/www.radiointeractivo.com.mx\/index.php?rest_route=\/wp\/v2\/posts\/2624","targetHints":{"allow":["GET"]}}],"collection":[{"href":"https:\/\/www.radiointeractivo.com.mx\/index.php?rest_route=\/wp\/v2\/posts"}],"about":[{"href":"https:\/\/www.radiointeractivo.com.mx\/index.php?rest_route=\/wp\/v2\/types\/post"}],"author":[{"embeddable":true,"href":"https:\/\/www.radiointeractivo.com.mx\/index.php?rest_route=\/wp\/v2\/users\/1"}],"replies":[{"embeddable":true,"href":"https:\/\/www.radiointeractivo.com.mx\/index.php?rest_route=%2Fwp%2Fv2%2Fcomments&post=2624"}],"version-history":[{"count":2,"href":"https:\/\/www.radiointeractivo.com.mx\/index.php?rest_route=\/wp\/v2\/posts\/2624\/revisions"}],"predecessor-version":[{"id":3276,"href":"https:\/\/www.radiointeractivo.com.mx\/index.php?rest_route=\/wp\/v2\/posts\/2624\/revisions\/3276"}],"wp:featuredmedia":[{"embeddable":true,"href":"https:\/\/www.radiointeractivo.com.mx\/index.php?rest_route=\/wp\/v2\/media\/2625"}],"wp:attachment":[{"href":"https:\/\/www.radiointeractivo.com.mx\/index.php?rest_route=%2Fwp%2Fv2%2Fmedia&parent=2624"}],"wp:term":[{"taxonomy":"category","embeddable":true,"href":"https:\/\/www.radiointeractivo.com.mx\/index.php?rest_route=%2Fwp%2Fv2%2Fcategories&post=2624"},{"taxonomy":"post_tag","embeddable":true,"href":"https:\/\/www.radiointeractivo.com.mx\/index.php?rest_route=%2Fwp%2Fv2%2Ftags&post=2624"}],"curies":[{"name":"wp","href":"https:\/\/api.w.org\/{rel}","templated":true}]}}