{"id":2607,"date":"2023-10-10T17:41:22","date_gmt":"2023-10-10T22:41:22","guid":{"rendered":"https:\/\/www.radiointeractivo.com.mx\/?p=2607"},"modified":"2023-10-10T17:41:23","modified_gmt":"2023-10-10T22:41:23","slug":"invita-sistema-dif-a-unirse-a-talleres-de-oficio-en-el-cedif","status":"publish","type":"post","link":"https:\/\/www.radiointeractivo.com.mx\/?p=2607","title":{"rendered":"INVITA SISTEMA DIF A UNIRSE A TALLERES DE OFICIO EN EL CEDIF"},"content":{"rendered":"\n<p>Por: Staff | #NuevoLaredo #Tamaulipas<\/p>\n\n\n\n<p>Los tres Centros para el Desarrollo Integral de la Familia (CEDIF) que pertenecen al Sistema DIF de Nuevo Laredo cuentan con espacios disponibles en algunos de los talleres de oficio que se ofrecen a la ciudadan\u00eda.<\/p>\n\n\n\n<p>Las personas interesadas pueden inscribirse en los cursos de Cocina y Reposter\u00eda, Manualidades, Corte y Confecci\u00f3n y Zumba en el CEDIF 2 ubicado en Carlos Osuna 1315 en la colonia Buenos Aires.<\/p>\n\n\n\n<p>En el CEDIF 3 situado en Art\u00edculo 123 esquina con privada Nuevo Le\u00f3n en la San Rafael hay espacios para nuevo ingreso en Manualidades; U\u00f1as, Corte y Confecci\u00f3n, mientras que en el CEDIF 4 con direcci\u00f3n Mayas entre R\u00edo Nilo y Carretera Aeropuerto en la Colonia Voluntad y Trabajo 2 se tienen lugares para las clases de Zumba.<\/p>\n\n\n\n<p>Cada taller tiene durabilidad de 1 a\u00f1o y tienen un costo de 100 pesos de mensualidad y 50 de inscripci\u00f3n, la edad m\u00ednima para poder cursar es de 16 a\u00f1os.<\/p>\n\n\n\n<p>Las personas interesadas deber\u00e1n acudir al centro de su preferencia y presentar la siguiente documentaci\u00f3n; copia de acta de nacimiento, CURP, comprobante de domicilio, dos fotograf\u00edas tama\u00f1o infantil y credencial de elector o en caso de ser menor de edad presentar la de padre de familia o tutor.<\/p>\n\n\n\n<p>El horario de atenci\u00f3n de los CEDIFs es de lunes a viernes de 8 de la ma\u00f1ana a 3 de la tarde, para mayor informaci\u00f3n se pueden comunicar a los n\u00fameros de tel\u00e9fono 867-749-12-30, 867-714-75-62 y al 867- 115-11-25.<\/p>\n","protected":false},"excerpt":{"rendered":"<p>Por: Staff | #NuevoLaredo #Tamaulipas Los tres Centros para el Desarrollo Integral de la Familia (CEDIF) que pertenecen al Sistema DIF de Nuevo Laredo cuentan con espacios disponibles en algunos de los talleres de oficio que se ofrecen a la ciudadan\u00eda. Las personas interesadas pueden inscribirse en los cursos de Cocina y Reposter\u00eda, Manualidades, Corte &hellip;<\/p>\n","protected":false},"author":1,"featured_media":2608,"comment_status":"open","ping_status":"open","sticky":false,"template":"","format":"standard","meta":{"footnotes":""},"categories":[38],"tags":[],"class_list":["post-2607","post","type-post","status-publish","format-standard","has-post-thumbnail","","category-nuevo-laredo"],"_links":{"self":[{"href":"https:\/\/www.radiointeractivo.com.mx\/index.php?rest_route=\/wp\/v2\/posts\/2607","targetHints":{"allow":["GET"]}}],"collection":[{"href":"https:\/\/www.radiointeractivo.com.mx\/index.php?rest_route=\/wp\/v2\/posts"}],"about":[{"href":"https:\/\/www.radiointeractivo.com.mx\/index.php?rest_route=\/wp\/v2\/types\/post"}],"author":[{"embeddable":true,"href":"https:\/\/www.radiointeractivo.com.mx\/index.php?rest_route=\/wp\/v2\/users\/1"}],"replies":[{"embeddable":true,"href":"https:\/\/www.radiointeractivo.com.mx\/index.php?rest_route=%2Fwp%2Fv2%2Fcomments&post=2607"}],"version-history":[{"count":1,"href":"https:\/\/www.radiointeractivo.com.mx\/index.php?rest_route=\/wp\/v2\/posts\/2607\/revisions"}],"predecessor-version":[{"id":2609,"href":"https:\/\/www.radiointeractivo.com.mx\/index.php?rest_route=\/wp\/v2\/posts\/2607\/revisions\/2609"}],"wp:featuredmedia":[{"embeddable":true,"href":"https:\/\/www.radiointeractivo.com.mx\/index.php?rest_route=\/wp\/v2\/media\/2608"}],"wp:attachment":[{"href":"https:\/\/www.radiointeractivo.com.mx\/index.php?rest_route=%2Fwp%2Fv2%2Fmedia&parent=2607"}],"wp:term":[{"taxonomy":"category","embeddable":true,"href":"https:\/\/www.radiointeractivo.com.mx\/index.php?rest_route=%2Fwp%2Fv2%2Fcategories&post=2607"},{"taxonomy":"post_tag","embeddable":true,"href":"https:\/\/www.radiointeractivo.com.mx\/index.php?rest_route=%2Fwp%2Fv2%2Ftags&post=2607"}],"curies":[{"name":"wp","href":"https:\/\/api.w.org\/{rel}","templated":true}]}}