{"id":2595,"date":"2023-10-10T13:15:23","date_gmt":"2023-10-10T18:15:23","guid":{"rendered":"https:\/\/www.radiointeractivo.com.mx\/?p=2595"},"modified":"2023-10-26T20:00:44","modified_gmt":"2023-10-27T01:00:44","slug":"en-inversion-de-salud-no-hay-limites-dice-americo-ante-amlo-y-gobernadores","status":"publish","type":"post","link":"https:\/\/www.radiointeractivo.com.mx\/?p=2595","title":{"rendered":"En inversi\u00f3n de salud, no hay l\u00edmites, dice Am\u00e9rico ante AMLO y gobernadores"},"content":{"rendered":"\n<figure class=\"wp-block-image size-large\"><img loading=\"lazy\" decoding=\"async\" width=\"1024\" height=\"685\" src=\"https:\/\/www.radiointeractivo.com.mx\/wp-content\/uploads\/2023\/10\/WhatsApp-Image-2023-10-10-at-12.33.28-PM-1024x685.jpeg\" alt=\"\" class=\"wp-image-2596\" srcset=\"https:\/\/www.radiointeractivo.com.mx\/wp-content\/uploads\/2023\/10\/WhatsApp-Image-2023-10-10-at-12.33.28-PM-1024x685.jpeg 1024w, https:\/\/www.radiointeractivo.com.mx\/wp-content\/uploads\/2023\/10\/WhatsApp-Image-2023-10-10-at-12.33.28-PM-300x201.jpeg 300w, https:\/\/www.radiointeractivo.com.mx\/wp-content\/uploads\/2023\/10\/WhatsApp-Image-2023-10-10-at-12.33.28-PM-768x514.jpeg 768w, https:\/\/www.radiointeractivo.com.mx\/wp-content\/uploads\/2023\/10\/WhatsApp-Image-2023-10-10-at-12.33.28-PM-1536x1027.jpeg 1536w, https:\/\/www.radiointeractivo.com.mx\/wp-content\/uploads\/2023\/10\/WhatsApp-Image-2023-10-10-at-12.33.28-PM-110x75.jpeg 110w, https:\/\/www.radiointeractivo.com.mx\/wp-content\/uploads\/2023\/10\/WhatsApp-Image-2023-10-10-at-12.33.28-PM.jpeg 1600w\" sizes=\"auto, (max-width: 1024px) 100vw, 1024px\" \/><\/figure>\n\n\n\n<p>&#8211; Federalizaci\u00f3n de los servicios de salud en 23 estados beneficiar\u00e1 a 53.2 millones de personas sin seguridad social<\/p>\n\n\n\n<p>Por: Agencias<\/p>\n\n\n\n<p>Ciudad de M\u00e9xico.- A partir de ahora, como lo establece el art\u00edculo 4o. Constitucional, la salud es un derecho humano que el Estado debe procurar a la poblaci\u00f3n, afirm\u00f3 el gobernador Am\u00e9rico Villarreal Anaya, ante el presidente Andr\u00e9s Manuel L\u00f3pez Obrador, al destacar que la transformaci\u00f3n del sistema de salud inici\u00f3 en el actual gobierno federal.<\/p>\n\n\n\n<p>Durante la conferencia ma\u00f1anera de este martes, en Palacio Nacional, el gobernador Am\u00e9rico Villarreal Anaya, a nombre de los 23 gobernadores y gobernadoras que participaron en la firma del Acuerdo Nacional para la Federalizaci\u00f3n del Sistema de Salud para el Bienestar, agradeci\u00f3 a Andr\u00e9s Manuel L\u00f3pez Obrador todo su apoyo al sector salud y record\u00f3 lo expresado por el presidente en una de sus visitas a los hospitales de Tamaulipas.<\/p>\n\n\n\n<p>\u201cGracias se\u00f1or presidente, como mexicano, como tamaulipeco y m\u00e9dico, por el apoyo que usted ha dado a este sector y como lo mencion\u00f3 desde el Hospital General IMSS -Bienestar (de Tampico), que por cierto ya inici\u00f3 operaciones, cuando se trata de salud y de la salud de los mexicanos, no existe l\u00edmite en este gobierno\u201d, dijo.<\/p>\n\n\n\n<p>\u201cA partir de ahora en el art\u00edculo 4o. Constitucional la salud es un derecho humano y obligaci\u00f3n que el Estado tiene que procurar a su poblaci\u00f3n. Apoyamos plenamente a la federalizaci\u00f3n que se est\u00e1 planteando en este momento\u201d, indic\u00f3.<\/p>\n\n\n\n<p>Al referirse al acuerdo firmado por las y los gobernadores de 23 entidades, asegur\u00f3 que este nuevo modelo enfrenta dos grandes retos: El primero, dijo, es fortalecer el sector salud y contar con la infraestructura, insumos, equipamiento y medicamentos suficientes y accesibles, integrados en diferentes niveles de atenci\u00f3n.<\/p>\n\n\n\n<p>El segundo gran reto, agreg\u00f3, es orientar este sistema de salud a la prevenci\u00f3n y la promoci\u00f3n de la salud, entendiendo la salud como un estado din\u00e1mico en el que todos debemos participar para evitar las enfermedades y complicaciones de los padecimientos que hoy nos aquejan.<\/p>\n\n\n\n<p>Am\u00e9rico Villarreal llam\u00f3 a atender tambi\u00e9n el rezago tan importante en la seguridad laboral y salarial de los miles de trabajadores que ahora ser\u00e1n contratados por el IMSS- Bienestar.<\/p>\n\n\n\n<p>\u201cEl recurso humano que debemos de tener desde su formaci\u00f3n en diferentes profesiones del equipo multidisciplinario que atiende la salud en las unidades hospitalarias y en los sistemas de salud de primer nivel. Tenemos que abatir este rezago\u201d, indic\u00f3.<\/p>\n\n\n\n<p>Durante la conferencia ma\u00f1anera, el secretario de Salud, Jorge Alcocer y el director general del IMSS, Zo\u00e9 Robledo explicaron que el nuevo modelo de salud IMSS-Bienestar permitir\u00e1 atender a 53.2 millones de personas, el 80.2% de la poblaci\u00f3n que no cuenta con seguridad social, contando para ello con 13 mil 966 centros de salud y 707 hospitales, adem\u00e1s de que se tendr\u00e1 un s\u00f3lo sistema de insumos, para lo cual la federaci\u00f3n invertir\u00e1 18 mil 915 millones de pesos.<\/p>\n\n\n\n<p>En la firma del acuerdo de implementaci\u00f3n del Plan de Salud IMSS-Bienestar participaron: Marina del Pilar \u00c1vila Olmeda, Baja California; V\u00edctor Manuel Castro Cos\u00edo, Baja California Sur; Layda Sansores San Rom\u00e1n, Campeche; Rutilio Escand\u00f3n Cadenas, Chiapas; Indira Vizca\u00edno Silva, Colima; Mart\u00ed Batres Guadarrama, Ciudad de M\u00e9xico; Julio Menchaca Salazar, Hidalgo; Delfina G\u00f3mez \u00c1lvarez, Estado de M\u00e9xico; Alfredo Ram\u00edrez Bedolla, Michoac\u00e1n; Miguel \u00c1ngel Navarro Quintero, Nayarit; Salom\u00f3n Jara Cruz, Oaxaca; Sergio Salom\u00f3n C\u00e9spedes Peregrina, Puebla; Mar\u00eda Elena Lezama Espinosa, Quintana Roo; Ricardo Gallardo Cardona, San Luis Potos\u00ed; Rub\u00e9n Rocha Moya, Sinaloa; Alfonso Durazo Monta\u00f1o, Sonora; Carlos Merino Campos, Tabasco; Am\u00e9rico Villarreal Anaya, Tamaulipas; Lorena Cu\u00e9llar Cisneros, Tlaxcala; Cuitl\u00e1huac Garc\u00eda Jim\u00e9nez, Veracruz; David Monreal \u00c1vila, Zacatecas y, tambi\u00e9n firmaron representantes de los gobiernos de Guerrero y Morelos.<\/p>\n","protected":false},"excerpt":{"rendered":"<p>&#8211; Federalizaci\u00f3n de los servicios de salud en 23 estados beneficiar\u00e1 a 53.2 millones de personas sin seguridad social Por: Agencias Ciudad de M\u00e9xico.- A partir de ahora, como lo establece el art\u00edculo 4o. Constitucional, la salud es un derecho humano que el Estado debe procurar a la poblaci\u00f3n, afirm\u00f3 el gobernador Am\u00e9rico Villarreal Anaya, &hellip;<\/p>\n","protected":false},"author":1,"featured_media":2596,"comment_status":"open","ping_status":"open","sticky":false,"template":"","format":"standard","meta":{"footnotes":""},"categories":[39],"tags":[],"class_list":["post-2595","post","type-post","status-publish","format-standard","has-post-thumbnail","","category-tamaulipas"],"_links":{"self":[{"href":"https:\/\/www.radiointeractivo.com.mx\/index.php?rest_route=\/wp\/v2\/posts\/2595","targetHints":{"allow":["GET"]}}],"collection":[{"href":"https:\/\/www.radiointeractivo.com.mx\/index.php?rest_route=\/wp\/v2\/posts"}],"about":[{"href":"https:\/\/www.radiointeractivo.com.mx\/index.php?rest_route=\/wp\/v2\/types\/post"}],"author":[{"embeddable":true,"href":"https:\/\/www.radiointeractivo.com.mx\/index.php?rest_route=\/wp\/v2\/users\/1"}],"replies":[{"embeddable":true,"href":"https:\/\/www.radiointeractivo.com.mx\/index.php?rest_route=%2Fwp%2Fv2%2Fcomments&post=2595"}],"version-history":[{"count":2,"href":"https:\/\/www.radiointeractivo.com.mx\/index.php?rest_route=\/wp\/v2\/posts\/2595\/revisions"}],"predecessor-version":[{"id":3281,"href":"https:\/\/www.radiointeractivo.com.mx\/index.php?rest_route=\/wp\/v2\/posts\/2595\/revisions\/3281"}],"wp:featuredmedia":[{"embeddable":true,"href":"https:\/\/www.radiointeractivo.com.mx\/index.php?rest_route=\/wp\/v2\/media\/2596"}],"wp:attachment":[{"href":"https:\/\/www.radiointeractivo.com.mx\/index.php?rest_route=%2Fwp%2Fv2%2Fmedia&parent=2595"}],"wp:term":[{"taxonomy":"category","embeddable":true,"href":"https:\/\/www.radiointeractivo.com.mx\/index.php?rest_route=%2Fwp%2Fv2%2Fcategories&post=2595"},{"taxonomy":"post_tag","embeddable":true,"href":"https:\/\/www.radiointeractivo.com.mx\/index.php?rest_route=%2Fwp%2Fv2%2Ftags&post=2595"}],"curies":[{"name":"wp","href":"https:\/\/api.w.org\/{rel}","templated":true}]}}