{"id":2592,"date":"2023-10-10T13:06:37","date_gmt":"2023-10-10T18:06:37","guid":{"rendered":"https:\/\/www.radiointeractivo.com.mx\/?p=2592"},"modified":"2023-10-10T13:06:38","modified_gmt":"2023-10-10T18:06:38","slug":"con-el-show-de-tango-abre-actividades-en-nuevo-laredo-el-festival-internacional-de-la-costa-del-seno-mexicano","status":"publish","type":"post","link":"https:\/\/www.radiointeractivo.com.mx\/?p=2592","title":{"rendered":"CON EL SHOW DE TANGO ABRE ACTIVIDADES EN NUEVO LAREDO EL FESTIVAL INTERNACIONAL DE LA COSTA DEL SENO MEXICANO"},"content":{"rendered":"\n<p>Por: Staff | #NuevoLaredo #Tamaulipas<\/p>\n\n\n\n<p>Los neolaredenses ser\u00e1n part\u00edcipes de las actividades del reconocido Festival Internacional de la Costa del Seno Mexicano con la presentaci\u00f3n del Show de Tango \u201cLa Magia\u201d.<\/p>\n\n\n\n<p>Esta bella puesta de luz, sonido y danza ser\u00e1 presentada el pr\u00f3ximo 12 de octubre a partir de las 7:00 pm en el Teatro Principal del Centro Cultural.<\/p>\n\n\n\n<p>Es importante destacar que los eventos del Centro Cultural son completamente gratuitos, sin embargo se va a requerir boleto, los cuales est\u00e1n disponibles en el m\u00f3dulo del CIGA ubicado en el anexo a presidencia municipal en un horario de lunes a viernes de 9 am a 7 pm y s\u00e1bado de 10 am a 1 pm.<\/p>\n","protected":false},"excerpt":{"rendered":"<p>Por: Staff | #NuevoLaredo #Tamaulipas Los neolaredenses ser\u00e1n part\u00edcipes de las actividades del reconocido Festival Internacional de la Costa del Seno Mexicano con la presentaci\u00f3n del Show de Tango \u201cLa Magia\u201d. Esta bella puesta de luz, sonido y danza ser\u00e1 presentada el pr\u00f3ximo 12 de octubre a partir de las 7:00 pm en el Teatro &hellip;<\/p>\n","protected":false},"author":1,"featured_media":2593,"comment_status":"open","ping_status":"open","sticky":false,"template":"","format":"standard","meta":{"footnotes":""},"categories":[38],"tags":[],"class_list":["post-2592","post","type-post","status-publish","format-standard","has-post-thumbnail","","category-nuevo-laredo"],"_links":{"self":[{"href":"https:\/\/www.radiointeractivo.com.mx\/index.php?rest_route=\/wp\/v2\/posts\/2592","targetHints":{"allow":["GET"]}}],"collection":[{"href":"https:\/\/www.radiointeractivo.com.mx\/index.php?rest_route=\/wp\/v2\/posts"}],"about":[{"href":"https:\/\/www.radiointeractivo.com.mx\/index.php?rest_route=\/wp\/v2\/types\/post"}],"author":[{"embeddable":true,"href":"https:\/\/www.radiointeractivo.com.mx\/index.php?rest_route=\/wp\/v2\/users\/1"}],"replies":[{"embeddable":true,"href":"https:\/\/www.radiointeractivo.com.mx\/index.php?rest_route=%2Fwp%2Fv2%2Fcomments&post=2592"}],"version-history":[{"count":1,"href":"https:\/\/www.radiointeractivo.com.mx\/index.php?rest_route=\/wp\/v2\/posts\/2592\/revisions"}],"predecessor-version":[{"id":2594,"href":"https:\/\/www.radiointeractivo.com.mx\/index.php?rest_route=\/wp\/v2\/posts\/2592\/revisions\/2594"}],"wp:featuredmedia":[{"embeddable":true,"href":"https:\/\/www.radiointeractivo.com.mx\/index.php?rest_route=\/wp\/v2\/media\/2593"}],"wp:attachment":[{"href":"https:\/\/www.radiointeractivo.com.mx\/index.php?rest_route=%2Fwp%2Fv2%2Fmedia&parent=2592"}],"wp:term":[{"taxonomy":"category","embeddable":true,"href":"https:\/\/www.radiointeractivo.com.mx\/index.php?rest_route=%2Fwp%2Fv2%2Fcategories&post=2592"},{"taxonomy":"post_tag","embeddable":true,"href":"https:\/\/www.radiointeractivo.com.mx\/index.php?rest_route=%2Fwp%2Fv2%2Ftags&post=2592"}],"curies":[{"name":"wp","href":"https:\/\/api.w.org\/{rel}","templated":true}]}}