{"id":2580,"date":"2023-10-10T10:15:04","date_gmt":"2023-10-10T15:15:04","guid":{"rendered":"https:\/\/www.radiointeractivo.com.mx\/?p=2580"},"modified":"2023-10-26T20:06:12","modified_gmt":"2023-10-27T01:06:12","slug":"otra-exfuncionaria-de-cabeza-de-vaca-es-vinculada-a-proceso","status":"publish","type":"post","link":"https:\/\/www.radiointeractivo.com.mx\/?p=2580","title":{"rendered":"Otra exfuncionaria de Cabeza de Vaca es vinculada a proceso"},"content":{"rendered":"\n<figure class=\"wp-block-image size-full\"><img loading=\"lazy\" decoding=\"async\" width=\"537\" height=\"407\" src=\"https:\/\/www.radiointeractivo.com.mx\/wp-content\/uploads\/2023\/10\/WhatsApp-Image-2023-10-10-at-10.11.49-AM.jpeg\" alt=\"\" class=\"wp-image-2581\" srcset=\"https:\/\/www.radiointeractivo.com.mx\/wp-content\/uploads\/2023\/10\/WhatsApp-Image-2023-10-10-at-10.11.49-AM.jpeg 537w, https:\/\/www.radiointeractivo.com.mx\/wp-content\/uploads\/2023\/10\/WhatsApp-Image-2023-10-10-at-10.11.49-AM-300x227.jpeg 300w\" sizes=\"auto, (max-width: 537px) 100vw, 537px\" \/><\/figure>\n\n\n\n<p>Por: Agencias<\/p>\n\n\n\n<p>Cd. Victoria, Tamaulipas.- Una funcionaria m\u00e1s del gobierno panista encabezado por Francisco Garc\u00eda Cabeza de Vaca, esta vez la<\/p>\n\n\n\n<p>exdirectora administrativa de la Contralor\u00eda Gubernamental, Alejandra Reyes Castillo deber\u00e1 enfrentar como medida cautelar la de Prisi\u00f3n Preventiva Oficiosa, luego de que un magistrado actualiz\u00f3 el delito por el que se le acusa.<\/p>\n\n\n\n<p>Una resoluci\u00f3n de un magistrado de la Sala Regional Victoria, dictada el 29 de septiembre de 2023, determin\u00f3 que resuelve modificar el auto de vinculaci\u00f3n a proceso en contra de Alejandra Reyes Castillo, se\u00f1alando que el delito que posiblemente se actualiza es el de Ejercicio Abusivo de Funciones y no el de Peculado.<\/p>\n\n\n\n<p>El delito de Ejercicio Abusivo de Funciones tiene se\u00f1alada como medida cautelar la de Prisi\u00f3n Preventiva Oficiosa, por lo que, una vez que quede firme la determinaci\u00f3n del magistrado, el Ministerio P\u00fablico y\/o la Asesor\u00eda Jur\u00eddica podr\u00e1n solicitar audiencia al Juez de Control para solicitar se imponga a Alejandra Reyes Castillo Prisi\u00f3n Preventiva Oficiosa.<\/p>\n\n\n\n<p>Cabe recordar que en noviembre de 2022, se present\u00f3 la denuncia en contra de la exdirectora administrativa de la Contralor\u00eda Gubernamental, en el sexenio del entonces gobernador Francisco Garc\u00eda Cabeza de Vaca, por haber realizado cobros como proveedora, siendo directora administrativa de la dependencia.<\/p>\n\n\n\n<p>En audiencia inicial celebrada el 09 de junio de 2023 ante el Juez de Control de Ciudad Victoria, Favian Villalobos Gonz\u00e1lez, el Ministerio P\u00fablico de la Fiscal\u00eda Especializada en Combate a la Corrupci\u00f3n formul\u00f3 imputaci\u00f3n y solicit\u00f3 vinculaci\u00f3n a proceso de Alejandra Reyes Castillo, exdirectora Administrativa de la Contralor\u00eda Gubernamental, por el delito de Ejercicio Abusivo de Funciones, el cual tiene se\u00f1alada prisi\u00f3n preventiva oficiosa.<\/p>\n\n\n\n<p>Sin embargo, el Juez de Control, determin\u00f3 vincular a proceso a la imputada por el delito de peculado, es decir, por un delito diversos al solicitado por el MP y la Asesor\u00eda Jur\u00eddica y se presume que reclasific\u00f3 la acusaci\u00f3n, pues ese delito no tiene se\u00f1alado prisi\u00f3n preventiva oficiosa.<\/p>\n\n\n\n<p>Sin embargo, una vez que el magistrado ha modificado el auto de vinculaci\u00f3n a proceso, la ex funcionaria de la Contralor\u00eda enfrentar\u00e1 como medida cautelar la prisi\u00f3n preventiva oficiosa.<\/p>\n","protected":false},"excerpt":{"rendered":"<p>Por: Agencias Cd. Victoria, Tamaulipas.- Una funcionaria m\u00e1s del gobierno panista encabezado por Francisco Garc\u00eda Cabeza de Vaca, esta vez la exdirectora administrativa de la Contralor\u00eda Gubernamental, Alejandra Reyes Castillo deber\u00e1 enfrentar como medida cautelar la de Prisi\u00f3n Preventiva Oficiosa, luego de que un magistrado actualiz\u00f3 el delito por el que se le acusa. Una &hellip;<\/p>\n","protected":false},"author":1,"featured_media":2581,"comment_status":"open","ping_status":"open","sticky":false,"template":"","format":"standard","meta":{"footnotes":""},"categories":[39],"tags":[],"class_list":["post-2580","post","type-post","status-publish","format-standard","has-post-thumbnail","","category-tamaulipas"],"_links":{"self":[{"href":"https:\/\/www.radiointeractivo.com.mx\/index.php?rest_route=\/wp\/v2\/posts\/2580","targetHints":{"allow":["GET"]}}],"collection":[{"href":"https:\/\/www.radiointeractivo.com.mx\/index.php?rest_route=\/wp\/v2\/posts"}],"about":[{"href":"https:\/\/www.radiointeractivo.com.mx\/index.php?rest_route=\/wp\/v2\/types\/post"}],"author":[{"embeddable":true,"href":"https:\/\/www.radiointeractivo.com.mx\/index.php?rest_route=\/wp\/v2\/users\/1"}],"replies":[{"embeddable":true,"href":"https:\/\/www.radiointeractivo.com.mx\/index.php?rest_route=%2Fwp%2Fv2%2Fcomments&post=2580"}],"version-history":[{"count":2,"href":"https:\/\/www.radiointeractivo.com.mx\/index.php?rest_route=\/wp\/v2\/posts\/2580\/revisions"}],"predecessor-version":[{"id":3288,"href":"https:\/\/www.radiointeractivo.com.mx\/index.php?rest_route=\/wp\/v2\/posts\/2580\/revisions\/3288"}],"wp:featuredmedia":[{"embeddable":true,"href":"https:\/\/www.radiointeractivo.com.mx\/index.php?rest_route=\/wp\/v2\/media\/2581"}],"wp:attachment":[{"href":"https:\/\/www.radiointeractivo.com.mx\/index.php?rest_route=%2Fwp%2Fv2%2Fmedia&parent=2580"}],"wp:term":[{"taxonomy":"category","embeddable":true,"href":"https:\/\/www.radiointeractivo.com.mx\/index.php?rest_route=%2Fwp%2Fv2%2Fcategories&post=2580"},{"taxonomy":"post_tag","embeddable":true,"href":"https:\/\/www.radiointeractivo.com.mx\/index.php?rest_route=%2Fwp%2Fv2%2Ftags&post=2580"}],"curies":[{"name":"wp","href":"https:\/\/api.w.org\/{rel}","templated":true}]}}