{"id":2568,"date":"2023-10-09T19:06:51","date_gmt":"2023-10-10T00:06:51","guid":{"rendered":"https:\/\/www.radiointeractivo.com.mx\/?p=2568"},"modified":"2023-10-09T19:06:51","modified_gmt":"2023-10-10T00:06:51","slug":"gobierno-de-tamaulipas-fortalece-el-programa-comedores-de-bienestar","status":"publish","type":"post","link":"https:\/\/www.radiointeractivo.com.mx\/?p=2568","title":{"rendered":"Gobierno de Tamaulipas fortalece el programa &#8220;Comedores de Bienestar&#8221;"},"content":{"rendered":"\n<ul class=\"wp-block-list\">\n<li>M\u00e1s de 319 mil raciones de alimentos calientes han sido distribuidos en todo el estado<\/li>\n<\/ul>\n\n\n\n<p>Por: Agencias <\/p>\n\n\n\n<p>Ciudad Victoria, Tamaulipas.- Con el prop\u00f3sito de seguir fortaleciendo el derecho a la alimentaci\u00f3n en Tamaulipas, la Secretar\u00eda de Bienestar Social ha implementado el programa &#8220;Comedores de Bienestar&#8221;, el cual garantiza el acceso a alimentos nutritivos y saludables en las zonas de atenci\u00f3n prioritaria, proporcionando a la fecha m\u00e1s de 319 mil raciones de alimentos calientes.<\/p>\n\n\n\n<p>Ver\u00f3nica Aguirre de Los Santos, titular de la SEBIEN, inform\u00f3 que los &#8220;Comedores de Bienestar&#8221; se han establecido ya en los municipios de: Altamira, Bustamante, Camargo, Casas, Cruillas, Hidalgo, Gustavo D\u00edaz Ordaz, Jaumave, Jim\u00e9nez, Llera, Mainero, Nuevo Laredo, Matamoros, Miguel Alem\u00e1n, Miquihuana, Ocampo, Palmillas, San Carlos, San Nicol\u00e1s, San Fernando, Soto la Marina, R\u00edo Bravo, Tula, Victoria y Villagr\u00e1n.<\/p>\n\n\n\n<p>Agreg\u00f3 que estos comedores proporcionan dos raciones de comida caliente de lunes a viernes, priorizando a grupos vulnerables como ni\u00f1as y ni\u00f1os de 6 a 11 a\u00f1os, adultos mayores de 65 a\u00f1os, mujeres embarazadas y en lactancia, personas con discapacidades y aquellos en situaci\u00f3n de desnutrici\u00f3n o vulnerabilidad por enfermedad.<\/p>\n\n\n\n<p>El men\u00fa ofrecido, dijo, ha sido cuidadosamente dise\u00f1ado siguiendo los valores nutricionales avalados por la Secretar\u00eda de Salud del Estado.<\/p>\n\n\n\n<p>Aguirre de Los Santos indic\u00f3 que por instrucciones del gobernador Am\u00e9rico Villarreal Anaya este programa ha invertido 8 millones 543 mil 958 pesos, proporcionando aproximadamente 319 mil 200 raciones de alimentos calientes.<\/p>\n\n\n\n<p>Cada comedor tiene la capacidad de atender hasta 70 beneficiarios, impactando positivamente alrededor de 3 mil 990 personas.<\/p>\n","protected":false},"excerpt":{"rendered":"<p>M\u00e1s de 319 mil raciones de alimentos calientes han sido distribuidos en todo el estado Por: Agencias Ciudad Victoria, Tamaulipas.- Con el prop\u00f3sito de seguir fortaleciendo el derecho a la alimentaci\u00f3n en Tamaulipas, la Secretar\u00eda de Bienestar Social ha implementado el programa &#8220;Comedores de Bienestar&#8221;, el cual garantiza el acceso a alimentos nutritivos y saludables &hellip;<\/p>\n","protected":false},"author":1,"featured_media":2569,"comment_status":"open","ping_status":"open","sticky":false,"template":"","format":"standard","meta":{"footnotes":""},"categories":[39],"tags":[],"class_list":["post-2568","post","type-post","status-publish","format-standard","has-post-thumbnail","","category-tamaulipas"],"_links":{"self":[{"href":"https:\/\/www.radiointeractivo.com.mx\/index.php?rest_route=\/wp\/v2\/posts\/2568","targetHints":{"allow":["GET"]}}],"collection":[{"href":"https:\/\/www.radiointeractivo.com.mx\/index.php?rest_route=\/wp\/v2\/posts"}],"about":[{"href":"https:\/\/www.radiointeractivo.com.mx\/index.php?rest_route=\/wp\/v2\/types\/post"}],"author":[{"embeddable":true,"href":"https:\/\/www.radiointeractivo.com.mx\/index.php?rest_route=\/wp\/v2\/users\/1"}],"replies":[{"embeddable":true,"href":"https:\/\/www.radiointeractivo.com.mx\/index.php?rest_route=%2Fwp%2Fv2%2Fcomments&post=2568"}],"version-history":[{"count":1,"href":"https:\/\/www.radiointeractivo.com.mx\/index.php?rest_route=\/wp\/v2\/posts\/2568\/revisions"}],"predecessor-version":[{"id":2570,"href":"https:\/\/www.radiointeractivo.com.mx\/index.php?rest_route=\/wp\/v2\/posts\/2568\/revisions\/2570"}],"wp:featuredmedia":[{"embeddable":true,"href":"https:\/\/www.radiointeractivo.com.mx\/index.php?rest_route=\/wp\/v2\/media\/2569"}],"wp:attachment":[{"href":"https:\/\/www.radiointeractivo.com.mx\/index.php?rest_route=%2Fwp%2Fv2%2Fmedia&parent=2568"}],"wp:term":[{"taxonomy":"category","embeddable":true,"href":"https:\/\/www.radiointeractivo.com.mx\/index.php?rest_route=%2Fwp%2Fv2%2Fcategories&post=2568"},{"taxonomy":"post_tag","embeddable":true,"href":"https:\/\/www.radiointeractivo.com.mx\/index.php?rest_route=%2Fwp%2Fv2%2Ftags&post=2568"}],"curies":[{"name":"wp","href":"https:\/\/api.w.org\/{rel}","templated":true}]}}