{"id":2564,"date":"2023-10-09T17:08:11","date_gmt":"2023-10-09T22:08:11","guid":{"rendered":"https:\/\/www.radiointeractivo.com.mx\/?p=2564"},"modified":"2023-10-09T17:08:12","modified_gmt":"2023-10-09T22:08:12","slug":"llega-a-nuevo-laredo-festival-internacional-de-la-costa-del-seno-mexicano","status":"publish","type":"post","link":"https:\/\/www.radiointeractivo.com.mx\/?p=2564","title":{"rendered":"LLEGA A NUEVO LAREDO FESTIVAL INTERNACIONAL DE LA COSTA DEL SENO MEXICANO"},"content":{"rendered":"\n<p>Por: Staff | #NuevoLaredo #Tamaulipas<\/p>\n\n\n\n<p>Del 12 al 22 de octubre en todo Tamaulipas se llevar\u00e1 a cabo la edici\u00f3n 21 del Festival Internacional de la Costa del Seno Mexicano. Esta fiesta de arte y cultura es organizada por el gobierno del estado a trav\u00e9s del Instituto Tamaulipeco para la Cultura y las Artes (ITCA) y en donde Nuevo Laredo formar\u00e1 parte importante de las actividades que se presenten.<\/p>\n\n\n\n<p>La alcaldesa Carmen Lilia Canturosas Villarreal, en conferencia de prensa, destac\u00f3 que su administraci\u00f3n se ha caracterizado por impulsar las bellas artes, acci\u00f3n que comparte con el Gobernador Am\u00e9rico Villarreal Anaya.<\/p>\n\n\n\n<p>\u201cEn esta administraci\u00f3n hemos impulsado de manera significativa el arte y la cultura, tarea que compartimos con nuestro amigo el gobernador de Tamaulipas, Am\u00e9rico Villarreal Anaya; y es para m\u00ed un honor, compartir con ustedes que Nuevo Laredo ser\u00e1 parte de este gran evento en el que tendremos la oportunidad de disfrutar diferentes presentaciones con espect\u00e1culos y artistas de talla mundial\u201d, se\u00f1al\u00f3.<\/p>\n\n\n\n<p>La alcaldesa expres\u00f3 su reconocimiento al Gobernador por impulsar acciones art\u00edsticas y culturales, adem\u00e1s de tener la iniciativa de que todos y cada una de las presentaciones del festival sean completamente gratuitas.<\/p>\n\n\n\n<p>\u201cEl arte y la cultura es para todos sin distinci\u00f3n, as\u00ed que invitamos a la ciudadan\u00eda para que acudan a cada uno de los eventos de este Festival Internacional de la Costa del Seno Mexicano, est\u00e9n pendientes de nuestras redes sociales donde estaremos compartiendo el calendario de presentaciones\u201d.<\/p>\n\n\n\n<p>Por su parte el director de Arte y Cultura, Marcos Rodr\u00edguez Leija, detall\u00f3 que Nuevo Laredo tendr\u00e1 varias actividades en distintas sedes, como el Teatro Principal del Centro Cultural y el Teatro Experimental del Centro Cultural.<\/p>\n\n\n\n<p>\u201cTendremos un espect\u00e1culo de tangos, vienen tambi\u00e9n tenores, sopranos, y actividades de \u00f3pera para ni\u00f1os; as\u00ed como m\u00fasica de percusi\u00f3n; tambi\u00e9n el Tr\u00edo Los Panchos; viene tambi\u00e9n Fernando de la Mora. Tendremos un escenario ciudadano por primera vez, este ser\u00e1 en la Explanada la Independencia de la Plaza Hidalgo, donde se integra la comunidad art\u00edstica local como Brandon Parra, Rene Neira, Maria In\u00e9s Ochoa entre muchos otros\u201d.<\/p>\n\n\n\n<p>Para quienes deseen acudir a cualquiera de los eventos, la entrada ser\u00e1 gratuita, es importante destacar que los eventos del Centro Cultural se va a requerir boleto, los cuales est\u00e1n disponibles en el m\u00f3dulo del CIGA ubicado en el anexo a presidencia municipal en un horario de lunes a viernes de 9 am a 7 pm y s\u00e1bado de 10 am a 1 pm.<\/p>\n","protected":false},"excerpt":{"rendered":"<p>Por: Staff | #NuevoLaredo #Tamaulipas Del 12 al 22 de octubre en todo Tamaulipas se llevar\u00e1 a cabo la edici\u00f3n 21 del Festival Internacional de la Costa del Seno Mexicano. Esta fiesta de arte y cultura es organizada por el gobierno del estado a trav\u00e9s del Instituto Tamaulipeco para la Cultura y las Artes (ITCA) &hellip;<\/p>\n","protected":false},"author":1,"featured_media":2565,"comment_status":"open","ping_status":"open","sticky":false,"template":"","format":"standard","meta":{"footnotes":""},"categories":[38],"tags":[],"class_list":["post-2564","post","type-post","status-publish","format-standard","has-post-thumbnail","","category-nuevo-laredo"],"_links":{"self":[{"href":"https:\/\/www.radiointeractivo.com.mx\/index.php?rest_route=\/wp\/v2\/posts\/2564","targetHints":{"allow":["GET"]}}],"collection":[{"href":"https:\/\/www.radiointeractivo.com.mx\/index.php?rest_route=\/wp\/v2\/posts"}],"about":[{"href":"https:\/\/www.radiointeractivo.com.mx\/index.php?rest_route=\/wp\/v2\/types\/post"}],"author":[{"embeddable":true,"href":"https:\/\/www.radiointeractivo.com.mx\/index.php?rest_route=\/wp\/v2\/users\/1"}],"replies":[{"embeddable":true,"href":"https:\/\/www.radiointeractivo.com.mx\/index.php?rest_route=%2Fwp%2Fv2%2Fcomments&post=2564"}],"version-history":[{"count":1,"href":"https:\/\/www.radiointeractivo.com.mx\/index.php?rest_route=\/wp\/v2\/posts\/2564\/revisions"}],"predecessor-version":[{"id":2566,"href":"https:\/\/www.radiointeractivo.com.mx\/index.php?rest_route=\/wp\/v2\/posts\/2564\/revisions\/2566"}],"wp:featuredmedia":[{"embeddable":true,"href":"https:\/\/www.radiointeractivo.com.mx\/index.php?rest_route=\/wp\/v2\/media\/2565"}],"wp:attachment":[{"href":"https:\/\/www.radiointeractivo.com.mx\/index.php?rest_route=%2Fwp%2Fv2%2Fmedia&parent=2564"}],"wp:term":[{"taxonomy":"category","embeddable":true,"href":"https:\/\/www.radiointeractivo.com.mx\/index.php?rest_route=%2Fwp%2Fv2%2Fcategories&post=2564"},{"taxonomy":"post_tag","embeddable":true,"href":"https:\/\/www.radiointeractivo.com.mx\/index.php?rest_route=%2Fwp%2Fv2%2Ftags&post=2564"}],"curies":[{"name":"wp","href":"https:\/\/api.w.org\/{rel}","templated":true}]}}