{"id":2561,"date":"2023-10-09T16:41:17","date_gmt":"2023-10-09T21:41:17","guid":{"rendered":"https:\/\/www.radiointeractivo.com.mx\/?p=2561"},"modified":"2023-10-09T16:41:18","modified_gmt":"2023-10-09T21:41:18","slug":"buscan-obligar-a-diputados-faltistas-a-cumplir-con-su-encomienda","status":"publish","type":"post","link":"https:\/\/www.radiointeractivo.com.mx\/?p=2561","title":{"rendered":"Buscan obligar a diputados faltistas a cumplir con su encomienda"},"content":{"rendered":"\n<p>-Diputados de Acci\u00f3n Nacional, acumularon dos meses sin presentarse a las sesiones.<\/p>\n\n\n\n<p>Por: Agencias<\/p>\n\n\n\n<p>Ciudad Victoria, Tamaulipas.- El subsecretario de enlace legislativo, R\u00f3mulo P\u00e9rez S\u00e1nchez, se pronunci\u00f3 por reformar la Ley Org\u00e1nica del Congreso del Estado para obligar a los diputados faltistas a que asistan a las sesiones y cumplan con un trabajo que tanto buscaron a trav\u00e9s del voto ciudadano.<\/p>\n\n\n\n<p>Y es que ante tanta ausencia por parte de los diputados de Acci\u00f3n Nacional, que acumularon dos meses sin presentarse a las sesiones y que muchos han calificado como una irresponsabilidad, P\u00e9rez S\u00e1nchez dijo al respecto que no se descarta una reforma a la Ley interna del Congreso porque ellos, los faltistas, al final a quien tienen que responderle es al pueblo de Tamaulipas.<\/p>\n\n\n\n<p>\u201cValdr\u00eda la pena estudiarse, no lo descartamos reformar la ley org\u00e1nica por el hecho de que tienen que responderle al pueblo de Tamaulipas si ellos fueron elegidos en urnas y la gente confi\u00f3 y deposit\u00f3 confianza en ellos tienen que responderle con trabajo y eso es lo que se espera y estoy seguro que se va a estudiar en el congreso para que se haga una reforma y que obliguen a que vayan a trabajar\u201d.<\/p>\n\n\n\n<p>En este sentido, dijo que actualmente no existe un supuesto en la Ley que obligue a los suplentes de los legisladores a que acudan en su lugar pero \u201ces algo que los compa\u00f1eros legisladores est\u00e1n estudiando para ver si hacen una iniciativa al respecto y que asistan los suplentes porque al final del d\u00eda a quien quedan mal es a los tamaulipecos que votaron por ellos, lo que quiere la gente es que den resultados y si no asisten a trabajar como es su deber c\u00edvico y moral se debe buscar el mecanismo\u201d.<\/p>\n\n\n\n<p>Puntualiz\u00f3 que aunque el trabajo legislativo no se detiene, tambi\u00e9n es cierto que \u201chay muchas iniciativas que requieren del voto de las dos terceras partes y a lo mejor por esos ausentes no saldr\u00edan adelante, pero al final a quien le est\u00e1n fallando esos faltistas no es a la bancada ni al partido, sino al pueblo, se est\u00e1 estudiando eso el compa\u00f1ero Isidro y yo hemos tenido pl\u00e1ticas al respecto pero s\u00ed se est\u00e1 haciendo estudio para que sea de la mejor forma\u201d.<\/p>\n\n\n\n<p>El subsecretario de enlace legislativo admiti\u00f3 desconocer cuantas iniciativas est\u00e1n pendientes o \u201catoradas\u201d por falta de qu\u00f3rum ya que muchas se presentan en \u201cpaquete\u201d \u201cno podr\u00eda darte dato exacto porque incluso en la \u00faltima permanente hubo paquete de iniciativas que se fueron en conjunto y ya traemos un dato estad\u00edstico pero como hubo en paquete no podr\u00eda precisar el dato pero todas las iniciativas tienen que seguir impuls\u00e1ndose porque son para tratar de apoyar a todos los tamaulipecos\u201d.<\/p>\n","protected":false},"excerpt":{"rendered":"<p>-Diputados de Acci\u00f3n Nacional, acumularon dos meses sin presentarse a las sesiones. Por: Agencias Ciudad Victoria, Tamaulipas.- El subsecretario de enlace legislativo, R\u00f3mulo P\u00e9rez S\u00e1nchez, se pronunci\u00f3 por reformar la Ley Org\u00e1nica del Congreso del Estado para obligar a los diputados faltistas a que asistan a las sesiones y cumplan con un trabajo que tanto &hellip;<\/p>\n","protected":false},"author":1,"featured_media":2562,"comment_status":"open","ping_status":"open","sticky":false,"template":"","format":"standard","meta":{"footnotes":""},"categories":[39],"tags":[],"class_list":["post-2561","post","type-post","status-publish","format-standard","has-post-thumbnail","","category-tamaulipas"],"_links":{"self":[{"href":"https:\/\/www.radiointeractivo.com.mx\/index.php?rest_route=\/wp\/v2\/posts\/2561","targetHints":{"allow":["GET"]}}],"collection":[{"href":"https:\/\/www.radiointeractivo.com.mx\/index.php?rest_route=\/wp\/v2\/posts"}],"about":[{"href":"https:\/\/www.radiointeractivo.com.mx\/index.php?rest_route=\/wp\/v2\/types\/post"}],"author":[{"embeddable":true,"href":"https:\/\/www.radiointeractivo.com.mx\/index.php?rest_route=\/wp\/v2\/users\/1"}],"replies":[{"embeddable":true,"href":"https:\/\/www.radiointeractivo.com.mx\/index.php?rest_route=%2Fwp%2Fv2%2Fcomments&post=2561"}],"version-history":[{"count":1,"href":"https:\/\/www.radiointeractivo.com.mx\/index.php?rest_route=\/wp\/v2\/posts\/2561\/revisions"}],"predecessor-version":[{"id":2563,"href":"https:\/\/www.radiointeractivo.com.mx\/index.php?rest_route=\/wp\/v2\/posts\/2561\/revisions\/2563"}],"wp:featuredmedia":[{"embeddable":true,"href":"https:\/\/www.radiointeractivo.com.mx\/index.php?rest_route=\/wp\/v2\/media\/2562"}],"wp:attachment":[{"href":"https:\/\/www.radiointeractivo.com.mx\/index.php?rest_route=%2Fwp%2Fv2%2Fmedia&parent=2561"}],"wp:term":[{"taxonomy":"category","embeddable":true,"href":"https:\/\/www.radiointeractivo.com.mx\/index.php?rest_route=%2Fwp%2Fv2%2Fcategories&post=2561"},{"taxonomy":"post_tag","embeddable":true,"href":"https:\/\/www.radiointeractivo.com.mx\/index.php?rest_route=%2Fwp%2Fv2%2Ftags&post=2561"}],"curies":[{"name":"wp","href":"https:\/\/api.w.org\/{rel}","templated":true}]}}