{"id":2543,"date":"2023-10-09T15:44:34","date_gmt":"2023-10-09T20:44:34","guid":{"rendered":"https:\/\/www.radiointeractivo.com.mx\/?p=2543"},"modified":"2023-10-09T15:44:36","modified_gmt":"2023-10-09T20:44:36","slug":"se-une-gobierno-municipal-a-teleton-2023-en-tamaulipas","status":"publish","type":"post","link":"https:\/\/www.radiointeractivo.com.mx\/?p=2543","title":{"rendered":"SE UNE GOBIERNO MUNICIPAL A TELET\u00d3N 2023 EN TAMAULIPAS"},"content":{"rendered":"\n<p>Por: Staff | #NuevoLaredo #Tamaulipas<\/p>\n\n\n\n<p>El Gobierno de Nuevo Laredo se sum\u00f3 a la colecta \u201cBoteo Telet\u00f3n 2023 en Tamaulipas\u201d con el que se busca apoyar a las ni\u00f1as, ni\u00f1os y adolescentes con discapacidad, c\u00e1ncer y autismo.<\/p>\n\n\n\n<p>La alcaldesa Carmen Lilia Canturosas Villarreal junto a la presidenta del Sistema DIF, Claudette Canturosas Villarreal y damas voluntarias del Sistema DIF, realizaron un recorrido por las oficinas de las dependencias municipales para invitar al personal a unirse a esta noble causa.<\/p>\n\n\n\n<p>Inform\u00f3 que esta actividad se realiza siguiendo el ejemplo de la presidenta del DIF Tamaulipas, la doctora Mar\u00eda de Villarreal quien recientemente inici\u00f3 con el boteo en ciudad Victoria y tendr\u00e1 vigencia hasta el 16 de diciembre.<\/p>\n\n\n\n<p>\u201cReitero mi compromiso de continuar colaborando en esta gran labor para llevar bienestar a todas las familias de Tamaulipas, con mucho gusto y entusiasmo nos unimos a esta y todas las causas que el DIF Estatal lleva a cabo, porque sin duda son acciones de amor que transforman\u201d, se\u00f1al\u00f3 Canturosas, presidenta municipal.<\/p>\n\n\n\n<p>La presidenta municipal dio a conocer que la semana pasada se recibieron las \u00e1nforas con las que se busca ser mensajeros de amor, paz y esperanza a trav\u00e9s de la colecta.<\/p>\n\n\n\n<p>Por su parte Claudette Canturosas Villarreal, presidenta del Sistema DIF, invit\u00f3 a la poblaci\u00f3n a ser parte de la colecta con la que se lograr\u00e1 atender a los pacientes del CRIT que se encuentra al sur de la entidad.<\/p>\n\n\n\n<p>\u201cTengan por seguro que lo recaudado va a las mejores causas, aqu\u00ed nos distinguimos por ser ciudadanos solidarios que vemos siempre por brindar ese mensaje de esperanza\u201d, mencion\u00f3 Canturosas Villarreal, presidenta del Patronato DIF.<\/p>\n\n\n\n<p>El boteo se estar\u00e1 realizando por parte de las voluntarias del Sistema DIF en diversos cruceros de la ciudad, empresas y oficinas para que la ciudadan\u00eda sea parte de esta actividad.<\/p>\n","protected":false},"excerpt":{"rendered":"<p>Por: Staff | #NuevoLaredo #Tamaulipas El Gobierno de Nuevo Laredo se sum\u00f3 a la colecta \u201cBoteo Telet\u00f3n 2023 en Tamaulipas\u201d con el que se busca apoyar a las ni\u00f1as, ni\u00f1os y adolescentes con discapacidad, c\u00e1ncer y autismo. La alcaldesa Carmen Lilia Canturosas Villarreal junto a la presidenta del Sistema DIF, Claudette Canturosas Villarreal y damas &hellip;<\/p>\n","protected":false},"author":1,"featured_media":2544,"comment_status":"open","ping_status":"open","sticky":false,"template":"","format":"standard","meta":{"footnotes":""},"categories":[38],"tags":[],"class_list":["post-2543","post","type-post","status-publish","format-standard","has-post-thumbnail","","category-nuevo-laredo"],"_links":{"self":[{"href":"https:\/\/www.radiointeractivo.com.mx\/index.php?rest_route=\/wp\/v2\/posts\/2543","targetHints":{"allow":["GET"]}}],"collection":[{"href":"https:\/\/www.radiointeractivo.com.mx\/index.php?rest_route=\/wp\/v2\/posts"}],"about":[{"href":"https:\/\/www.radiointeractivo.com.mx\/index.php?rest_route=\/wp\/v2\/types\/post"}],"author":[{"embeddable":true,"href":"https:\/\/www.radiointeractivo.com.mx\/index.php?rest_route=\/wp\/v2\/users\/1"}],"replies":[{"embeddable":true,"href":"https:\/\/www.radiointeractivo.com.mx\/index.php?rest_route=%2Fwp%2Fv2%2Fcomments&post=2543"}],"version-history":[{"count":1,"href":"https:\/\/www.radiointeractivo.com.mx\/index.php?rest_route=\/wp\/v2\/posts\/2543\/revisions"}],"predecessor-version":[{"id":2545,"href":"https:\/\/www.radiointeractivo.com.mx\/index.php?rest_route=\/wp\/v2\/posts\/2543\/revisions\/2545"}],"wp:featuredmedia":[{"embeddable":true,"href":"https:\/\/www.radiointeractivo.com.mx\/index.php?rest_route=\/wp\/v2\/media\/2544"}],"wp:attachment":[{"href":"https:\/\/www.radiointeractivo.com.mx\/index.php?rest_route=%2Fwp%2Fv2%2Fmedia&parent=2543"}],"wp:term":[{"taxonomy":"category","embeddable":true,"href":"https:\/\/www.radiointeractivo.com.mx\/index.php?rest_route=%2Fwp%2Fv2%2Fcategories&post=2543"},{"taxonomy":"post_tag","embeddable":true,"href":"https:\/\/www.radiointeractivo.com.mx\/index.php?rest_route=%2Fwp%2Fv2%2Ftags&post=2543"}],"curies":[{"name":"wp","href":"https:\/\/api.w.org\/{rel}","templated":true}]}}