{"id":2538,"date":"2023-10-09T14:54:12","date_gmt":"2023-10-09T19:54:12","guid":{"rendered":"https:\/\/www.radiointeractivo.com.mx\/?p=2538"},"modified":"2023-10-09T14:54:13","modified_gmt":"2023-10-09T19:54:13","slug":"inaugura-adriana-lozano-foro-sobre-finanzas-de-index-matamoros","status":"publish","type":"post","link":"https:\/\/www.radiointeractivo.com.mx\/?p=2538","title":{"rendered":"Inaugura Adriana Lozano foro sobre finanzas de Index Matamoros"},"content":{"rendered":"\n<p>Por: Agencias<\/p>\n\n\n\n<p>Matamoros, Tamaulipas. \u2013 La secretaria de Finanzas, Adriana Lozano Rodr\u00edguez, inaugur\u00f3 el 12vo. Foro sobre Finanzas organizado por la Asociaci\u00f3n de Maquiladoras Index Matamoros, en representaci\u00f3n del gobernador de Tamaulipas Am\u00e9rico Villarreal Anaya, donde comparti\u00f3 su experiencia laboral, por m\u00e1s de 20 a\u00f1os en el Servicio de Administraci\u00f3n Tributaria (SAT) en las ciudades de Matamoros, Reynosa, y Nuevo Laredo.<\/p>\n\n\n\n<p>\u201cMe siento muy honrada de estar en este foro con la representaci\u00f3n del Dr. Am\u00e9rico Villarreal Anaya. Me siento muy agradecida tambi\u00e9n por invitarme a compartir mis experiencias profesionales; tanto en el SAT por 23 a\u00f1os, y actualmente frente a la Secretar\u00eda de Finanzas de Tamaulipas\u201d, expres\u00f3 durante su intervenci\u00f3n la tesorera estatal.<\/p>\n\n\n\n<p>El Foro sobre Finanzas 2023 de la Asociaci\u00f3n de Maquiladoras de Matamoros es dise\u00f1ado por expertos del Comit\u00e9 Fiscal de Index Matamoros, para brindar recomendaciones y herramientas en materia de complimiento que permitan a las empresas atender y observar los cambios principalmente en materia fiscal. El foro est\u00e1 dirigido a contralores, gerentes de finanzas, n\u00f3minas, recursos humanos, comercio exterior, administradores y \u00e1reas afines de la industria maquiladora.<\/p>\n","protected":false},"excerpt":{"rendered":"<p>Por: Agencias Matamoros, Tamaulipas. \u2013 La secretaria de Finanzas, Adriana Lozano Rodr\u00edguez, inaugur\u00f3 el 12vo. Foro sobre Finanzas organizado por la Asociaci\u00f3n de Maquiladoras Index Matamoros, en representaci\u00f3n del gobernador de Tamaulipas Am\u00e9rico Villarreal Anaya, donde comparti\u00f3 su experiencia laboral, por m\u00e1s de 20 a\u00f1os en el Servicio de Administraci\u00f3n Tributaria (SAT) en las ciudades &hellip;<\/p>\n","protected":false},"author":1,"featured_media":2539,"comment_status":"open","ping_status":"open","sticky":false,"template":"","format":"standard","meta":{"footnotes":""},"categories":[39],"tags":[],"class_list":["post-2538","post","type-post","status-publish","format-standard","has-post-thumbnail","","category-tamaulipas"],"_links":{"self":[{"href":"https:\/\/www.radiointeractivo.com.mx\/index.php?rest_route=\/wp\/v2\/posts\/2538","targetHints":{"allow":["GET"]}}],"collection":[{"href":"https:\/\/www.radiointeractivo.com.mx\/index.php?rest_route=\/wp\/v2\/posts"}],"about":[{"href":"https:\/\/www.radiointeractivo.com.mx\/index.php?rest_route=\/wp\/v2\/types\/post"}],"author":[{"embeddable":true,"href":"https:\/\/www.radiointeractivo.com.mx\/index.php?rest_route=\/wp\/v2\/users\/1"}],"replies":[{"embeddable":true,"href":"https:\/\/www.radiointeractivo.com.mx\/index.php?rest_route=%2Fwp%2Fv2%2Fcomments&post=2538"}],"version-history":[{"count":1,"href":"https:\/\/www.radiointeractivo.com.mx\/index.php?rest_route=\/wp\/v2\/posts\/2538\/revisions"}],"predecessor-version":[{"id":2540,"href":"https:\/\/www.radiointeractivo.com.mx\/index.php?rest_route=\/wp\/v2\/posts\/2538\/revisions\/2540"}],"wp:featuredmedia":[{"embeddable":true,"href":"https:\/\/www.radiointeractivo.com.mx\/index.php?rest_route=\/wp\/v2\/media\/2539"}],"wp:attachment":[{"href":"https:\/\/www.radiointeractivo.com.mx\/index.php?rest_route=%2Fwp%2Fv2%2Fmedia&parent=2538"}],"wp:term":[{"taxonomy":"category","embeddable":true,"href":"https:\/\/www.radiointeractivo.com.mx\/index.php?rest_route=%2Fwp%2Fv2%2Fcategories&post=2538"},{"taxonomy":"post_tag","embeddable":true,"href":"https:\/\/www.radiointeractivo.com.mx\/index.php?rest_route=%2Fwp%2Fv2%2Ftags&post=2538"}],"curies":[{"name":"wp","href":"https:\/\/api.w.org\/{rel}","templated":true}]}}