{"id":2511,"date":"2023-10-08T18:09:24","date_gmt":"2023-10-08T23:09:24","guid":{"rendered":"https:\/\/www.radiointeractivo.com.mx\/?p=2511"},"modified":"2023-10-08T18:09:25","modified_gmt":"2023-10-08T23:09:25","slug":"inicia-gobierno-de-tamaulipas-dispersion-de-recursos-de-apoyo-del-programa-de-fomento-a-la-produccion-rural-2023","status":"publish","type":"post","link":"https:\/\/www.radiointeractivo.com.mx\/?p=2511","title":{"rendered":"Inicia gobierno de Tamaulipas dispersi\u00f3n de recursos de apoyo del \u201cPrograma de Fomento a la Producci\u00f3n Rural 2023\u201d"},"content":{"rendered":"\n<p>-Agricultores de 12 municipios de la zona norte que atendieron la convocatoria y cumplieron requisitos, estar\u00e1n siendo beneficiados al cumplirse las etapas de validaci\u00f3n<\/p>\n\n\n\n<p>Por: Agencias<\/p>\n\n\n\n<p>Ciudad Victoria, Tamaulipas. -Derivado de las reuniones sostenidas del gobernador Am\u00e9rico Villarreal Anaya, con los productores de sorgo de la entidad, cuya siembra fueron realizadas en el ciclo Oto\u00f1o-Invierno, present\u00e1ndose una baja en los precios del grano a nivel nacional e internacional afectando la rentabilidad del cultivo, por los altos costos de siembra y manejo del cultivo.<\/p>\n\n\n\n<p>Los municipios afectados fueron: Miguel Alem\u00e1n, Camargo, Gustavo D\u00edaz Ordaz, Mier, Reynosa, R\u00edo Bravo, Matamoros, Valle Hermoso, M\u00e9ndez, Cruillas, Burgos y San Fernando.<\/p>\n\n\n\n<p>Por lo que el gobernador Am\u00e9rico Villarreal Anaya, instruy\u00f3 a D\u00e1maso Leonardo Anaya Alvarado, titular de la Secretar\u00eda de Desarrollo Rural, Pesca y Acuacultura, a poner en marcha un plan estrat\u00e9gico de apoyo al sector agr\u00edcola, mediante el \u201cPrograma de Fomento a la Producci\u00f3n Rural 2023 en su componente Apoyos Productivos Agr\u00edcolas\u201d.<\/p>\n\n\n\n<p>El programa es para la atenci\u00f3n a las personas productores de la cadena sorgo de grano en Tamaulipas, a los peque\u00f1os productores del sector social, as\u00ed tambi\u00e9n como a los diferentes estratos sociales.<\/p>\n\n\n\n<p>De esta manera, se manifiesta la pol\u00edtica social del Estado de ser inclusivos, donde todos los productores entran al programa. Dicho esquema, dio inicio con la dispersi\u00f3n de recursos a los productores pertenecientes a la zona norte del estado.<\/p>\n\n\n\n<p>Esta estrategia tendr\u00e1 varias etapas de aplicaci\u00f3n, donde los productores recibir\u00e1n $200 pesos\/ton, siendo beneficiados aquellos agricultores que atendieron a la convocatoria, donde se validaron y dictaminaron los expedientes que cumplieron con los requisitos solicitados, culminando con esta \u00faltima etapa que es la entrega del recurso.<\/p>\n\n\n\n<p>De esta manera, se cumplen compromisos con productores agr\u00edcolas en el estado de Tamaulipas que con \u201cVoluntad y Trabajo\u201d el gobernador Am\u00e9rico Villarreal Anaya, reconoce la labor y el esfuerzo de los productores.<\/p>\n","protected":false},"excerpt":{"rendered":"<p>-Agricultores de 12 municipios de la zona norte que atendieron la convocatoria y cumplieron requisitos, estar\u00e1n siendo beneficiados al cumplirse las etapas de validaci\u00f3n Por: Agencias Ciudad Victoria, Tamaulipas. -Derivado de las reuniones sostenidas del gobernador Am\u00e9rico Villarreal Anaya, con los productores de sorgo de la entidad, cuya siembra fueron realizadas en el ciclo Oto\u00f1o-Invierno, &hellip;<\/p>\n","protected":false},"author":1,"featured_media":2512,"comment_status":"open","ping_status":"open","sticky":false,"template":"","format":"standard","meta":{"footnotes":""},"categories":[39],"tags":[],"class_list":["post-2511","post","type-post","status-publish","format-standard","has-post-thumbnail","","category-tamaulipas"],"_links":{"self":[{"href":"https:\/\/www.radiointeractivo.com.mx\/index.php?rest_route=\/wp\/v2\/posts\/2511","targetHints":{"allow":["GET"]}}],"collection":[{"href":"https:\/\/www.radiointeractivo.com.mx\/index.php?rest_route=\/wp\/v2\/posts"}],"about":[{"href":"https:\/\/www.radiointeractivo.com.mx\/index.php?rest_route=\/wp\/v2\/types\/post"}],"author":[{"embeddable":true,"href":"https:\/\/www.radiointeractivo.com.mx\/index.php?rest_route=\/wp\/v2\/users\/1"}],"replies":[{"embeddable":true,"href":"https:\/\/www.radiointeractivo.com.mx\/index.php?rest_route=%2Fwp%2Fv2%2Fcomments&post=2511"}],"version-history":[{"count":1,"href":"https:\/\/www.radiointeractivo.com.mx\/index.php?rest_route=\/wp\/v2\/posts\/2511\/revisions"}],"predecessor-version":[{"id":2513,"href":"https:\/\/www.radiointeractivo.com.mx\/index.php?rest_route=\/wp\/v2\/posts\/2511\/revisions\/2513"}],"wp:featuredmedia":[{"embeddable":true,"href":"https:\/\/www.radiointeractivo.com.mx\/index.php?rest_route=\/wp\/v2\/media\/2512"}],"wp:attachment":[{"href":"https:\/\/www.radiointeractivo.com.mx\/index.php?rest_route=%2Fwp%2Fv2%2Fmedia&parent=2511"}],"wp:term":[{"taxonomy":"category","embeddable":true,"href":"https:\/\/www.radiointeractivo.com.mx\/index.php?rest_route=%2Fwp%2Fv2%2Fcategories&post=2511"},{"taxonomy":"post_tag","embeddable":true,"href":"https:\/\/www.radiointeractivo.com.mx\/index.php?rest_route=%2Fwp%2Fv2%2Ftags&post=2511"}],"curies":[{"name":"wp","href":"https:\/\/api.w.org\/{rel}","templated":true}]}}