{"id":2499,"date":"2023-10-08T18:00:10","date_gmt":"2023-10-08T23:00:10","guid":{"rendered":"https:\/\/www.radiointeractivo.com.mx\/?p=2499"},"modified":"2023-10-08T18:00:11","modified_gmt":"2023-10-08T23:00:11","slug":"maestros-de-educacion-especial-de-tamaulipas-reciben-capacitacion-sobre-autismo-deficit-de-atencion-e-hiperactividad-y-metodo-tomatis","status":"publish","type":"post","link":"https:\/\/www.radiointeractivo.com.mx\/?p=2499","title":{"rendered":"Maestros de Educaci\u00f3n Especial de Tamaulipas reciben capacitaci\u00f3n sobre autismo, d\u00e9ficit de atenci\u00f3n e hiperactividad y m\u00e9todo TOMATIS"},"content":{"rendered":"\n<p>-Anuncia la entrega de 199 kits para que los diferentes servicios de Educaci\u00f3n Especial, apliquen el m\u00e9todo TOMATIS<\/p>\n\n\n\n<p>Por: Agencias<\/p>\n\n\n\n<p>Ciudad Victoria, Tamaulipas.- Con la finalidad de mantener actualizados y capacitados a las y los maestros de Educaci\u00f3n Especial en la entidad, la Secretar\u00eda de Educaci\u00f3n de Tamaulipas (SET) llev\u00f3 a cabo del 2 al 7 de octubre, el Taller \u201cLa Intervenci\u00f3n Psicopedag\u00f3gica en Ni\u00f1as, Ni\u00f1os, Adolescentes y J\u00f3venes con Autismo y Trastorno de D\u00e9ficit de Atenci\u00f3n e Hiperactividad\u201d.<\/p>\n\n\n\n<p>Casi 700 docentes que laboran en las Unidades de Servicios de Apoyo a la Educaci\u00f3n Regular (USAER), en los Centros de Atenci\u00f3n M\u00faltiple (CAM), en las Unidades de Apoyo a Preescolar (UAP), y en los Centros de Recursos e Informaci\u00f3n para la Inclusi\u00f3n Educativa (CRIIE) respondieron a la convocatoria de la SET, para participar en las jornadas acad\u00e9micas sobre el aprendizaje e intercambio de experiencias, con el objetivo de fortalecer sus saberes y conocimientos de forma que puedan atender con mayor calidad a las y los alumnos con discapacidad y contribuir a que superen las barreras para el aprendizaje y la participaci\u00f3n.<\/p>\n\n\n\n<p>\u201cLo ha dicho nuestro gobernador, el doctor Am\u00e9rico Villarreal Anaya, en Tamaulipas tenemos muy claro que sin educaci\u00f3n, no puede haber transformaci\u00f3n, y como lo ha asegurado la ecretaria de Educaci\u00f3n, Luc\u00eda Aim\u00e9 Castillo Pastor, no podemos dejar a nadie atr\u00e1s y a nadie afuera de los beneficios de una educaci\u00f3n de excelencia. Por ello, reconocemos que el pilar fundamental para lograr esa transformaci\u00f3n son las y los maestros y nuestro compromiso es la educaci\u00f3n de las ni\u00f1as, los ni\u00f1os y los j\u00f3venes por quienes cada una y cada uno de ustedes, cada uno de nosotros, trabajamos arduamente cada d\u00eda\u201d, dijo la subsecretaria de Educaci\u00f3n B\u00e1sica, Marcela Ram\u00edrez Jord\u00e1n.<\/p>\n\n\n\n<p>Por su parte la titular de la SET, Luc\u00eda Aim\u00e9 Castillo Pastor, invit\u00f3 a las maestras y los maestros de Educaci\u00f3n Especial a participar en estos y otros espacios de di\u00e1logo, porque reconocemos que la mejor forma de aprovechar los recursos es privilegiando la formaci\u00f3n docente.<\/p>\n","protected":false},"excerpt":{"rendered":"<p>-Anuncia la entrega de 199 kits para que los diferentes servicios de Educaci\u00f3n Especial, apliquen el m\u00e9todo TOMATIS Por: Agencias Ciudad Victoria, Tamaulipas.- Con la finalidad de mantener actualizados y capacitados a las y los maestros de Educaci\u00f3n Especial en la entidad, la Secretar\u00eda de Educaci\u00f3n de Tamaulipas (SET) llev\u00f3 a cabo del 2 al &hellip;<\/p>\n","protected":false},"author":1,"featured_media":2500,"comment_status":"open","ping_status":"open","sticky":false,"template":"","format":"standard","meta":{"footnotes":""},"categories":[39],"tags":[],"class_list":["post-2499","post","type-post","status-publish","format-standard","has-post-thumbnail","","category-tamaulipas"],"_links":{"self":[{"href":"https:\/\/www.radiointeractivo.com.mx\/index.php?rest_route=\/wp\/v2\/posts\/2499","targetHints":{"allow":["GET"]}}],"collection":[{"href":"https:\/\/www.radiointeractivo.com.mx\/index.php?rest_route=\/wp\/v2\/posts"}],"about":[{"href":"https:\/\/www.radiointeractivo.com.mx\/index.php?rest_route=\/wp\/v2\/types\/post"}],"author":[{"embeddable":true,"href":"https:\/\/www.radiointeractivo.com.mx\/index.php?rest_route=\/wp\/v2\/users\/1"}],"replies":[{"embeddable":true,"href":"https:\/\/www.radiointeractivo.com.mx\/index.php?rest_route=%2Fwp%2Fv2%2Fcomments&post=2499"}],"version-history":[{"count":1,"href":"https:\/\/www.radiointeractivo.com.mx\/index.php?rest_route=\/wp\/v2\/posts\/2499\/revisions"}],"predecessor-version":[{"id":2501,"href":"https:\/\/www.radiointeractivo.com.mx\/index.php?rest_route=\/wp\/v2\/posts\/2499\/revisions\/2501"}],"wp:featuredmedia":[{"embeddable":true,"href":"https:\/\/www.radiointeractivo.com.mx\/index.php?rest_route=\/wp\/v2\/media\/2500"}],"wp:attachment":[{"href":"https:\/\/www.radiointeractivo.com.mx\/index.php?rest_route=%2Fwp%2Fv2%2Fmedia&parent=2499"}],"wp:term":[{"taxonomy":"category","embeddable":true,"href":"https:\/\/www.radiointeractivo.com.mx\/index.php?rest_route=%2Fwp%2Fv2%2Fcategories&post=2499"},{"taxonomy":"post_tag","embeddable":true,"href":"https:\/\/www.radiointeractivo.com.mx\/index.php?rest_route=%2Fwp%2Fv2%2Ftags&post=2499"}],"curies":[{"name":"wp","href":"https:\/\/api.w.org\/{rel}","templated":true}]}}