{"id":2473,"date":"2023-10-06T19:54:51","date_gmt":"2023-10-07T00:54:51","guid":{"rendered":"https:\/\/www.radiointeractivo.com.mx\/?p=2473"},"modified":"2023-10-06T19:54:52","modified_gmt":"2023-10-07T00:54:52","slug":"la-feria-tamaulipas-2023-esta-lista-para-brindar-una-experiencia-inolvidable","status":"publish","type":"post","link":"https:\/\/www.radiointeractivo.com.mx\/?p=2473","title":{"rendered":"\u00a1La Feria Tamaulipas 2023 est\u00e1 lista para brindar una experiencia inolvidable!"},"content":{"rendered":"\n<p>-Secretaria de Econom\u00eda, Ninfa Cant\u00fa da a conocer las novedades que ofrecer\u00e1 la edici\u00f3n de este a\u00f1o de la m\u00e1xima fiesta de los tamaulipecos<\/p>\n\n\n\n<p>Por: Agencias<\/p>\n\n\n\n<p>Ciudad Victoria, Tamaulipas.- La Feria Tamaulipas, la fiesta popular m\u00e1s importante en nuestro estado se prepara para celebrar su edici\u00f3n 2023, un evento que promete ofrecer un mundo de diversi\u00f3n y entretenimiento para todas las familias tamaulipecas.<\/p>\n\n\n\n<p>Con experiencias \u00fanicas y llenas de alegr\u00eda, esta edici\u00f3n mostrar\u00e1 lo mejor de la cultura, la riqueza gastron\u00f3mica y el esplendor de Tamaulipas y sus municipios del 19 al 31 de octubre en esta ciudad capital.<\/p>\n\n\n\n<p>La secretaria de Econom\u00eda, Ninfa Cant\u00fa De\u00e1ndar dio a conocer que este a\u00f1o, la Feria Tamaulipas contar\u00e1 con una amplia gama de atracciones y actividades para el disfrute de todos los asistentes, y por instrucciones del gobernador Am\u00e9rico Villarreal, la entrada se mantendr\u00e1 en 35 pesos por persona para apoyar la econom\u00eda familiar, mientras que ni\u00f1os, adultos mayores y personas con alguna discapacidad tendr\u00e1n acceso completamente gratuito.<\/p>\n\n\n\n<p>&#8220;Habr\u00e1 emocionantes juegos mec\u00e1nicos para todas las edades y espect\u00e1culos de alta calidad que har\u00e1n vibrar a todos los asistentes como el Circo, Artistas de prestigio en el Teatro del Pueblo, Zona Extrema para ni\u00f1os y j\u00f3venes, Voladores de Papantla y un espectacular show de drones cada noche, entre otros m\u00e1s&#8221; indic\u00f3.<\/p>\n\n\n\n<p>Cant\u00fa De\u00e1ndar dijo que en la edici\u00f3n de este a\u00f1o, la Feria presentar\u00e1 la Rueda de la Fortuna m\u00f3vil m\u00e1s grande de M\u00e9xico, una experiencia \u00fanica que promete impresionar a todos los visitantes. Adem\u00e1s, el Pabell\u00f3n Gubernamental albergar\u00e1 la exposici\u00f3n del DIF Tamaulipas y las dependencias del Gobierno del Estado, ofrecer\u00e1n a los ciudadanos sus programas y servicios en un solo lugar.<\/p>\n\n\n\n<p>&#8220;Como parte del compromiso con el desarrollo local y la promoci\u00f3n de la econom\u00eda regional, la Feria Tamaulipas contar\u00e1 con una exposici\u00f3n y venta de los productos de la Marca Hecho en Tamaulipas de la Secretar\u00eda de Econom\u00eda. Esta iniciativa destaca lo mejor de la creatividad y el talento de las y los emprendedores tamaulipecos, promoviendo el orgullo y la identidad regional.&#8221;<\/p>\n\n\n\n<p>\u201cEstamos listos por recibir a todos los visitantes y compartir momentos inolvidables en esta celebraci\u00f3n que re\u00fane lo mejor de Tamaulipas. Los invitamos a unirse a nosotros en la Feria Tamaulipas 2023 del 19 al 31 de octubre en Victoria y vivir la alegr\u00eda de nuestra fiesta estatal\u201d finaliz\u00f3.<\/p>\n\n\n\n<figure class=\"wp-block-image size-large\"><img loading=\"lazy\" decoding=\"async\" width=\"730\" height=\"1024\" src=\"https:\/\/www.radiointeractivo.com.mx\/wp-content\/uploads\/2023\/10\/WhatsApp-Image-2023-10-06-at-7.51.32-PM-730x1024.jpeg\" alt=\"\" class=\"wp-image-2475\" srcset=\"https:\/\/www.radiointeractivo.com.mx\/wp-content\/uploads\/2023\/10\/WhatsApp-Image-2023-10-06-at-7.51.32-PM-730x1024.jpeg 730w, https:\/\/www.radiointeractivo.com.mx\/wp-content\/uploads\/2023\/10\/WhatsApp-Image-2023-10-06-at-7.51.32-PM-214x300.jpeg 214w, https:\/\/www.radiointeractivo.com.mx\/wp-content\/uploads\/2023\/10\/WhatsApp-Image-2023-10-06-at-7.51.32-PM-768x1078.jpeg 768w, https:\/\/www.radiointeractivo.com.mx\/wp-content\/uploads\/2023\/10\/WhatsApp-Image-2023-10-06-at-7.51.32-PM-1094x1536.jpeg 1094w, https:\/\/www.radiointeractivo.com.mx\/wp-content\/uploads\/2023\/10\/WhatsApp-Image-2023-10-06-at-7.51.32-PM.jpeg 1140w\" sizes=\"auto, (max-width: 730px) 100vw, 730px\" \/><\/figure>\n","protected":false},"excerpt":{"rendered":"<p>-Secretaria de Econom\u00eda, Ninfa Cant\u00fa da a conocer las novedades que ofrecer\u00e1 la edici\u00f3n de este a\u00f1o de la m\u00e1xima fiesta de los tamaulipecos Por: Agencias Ciudad Victoria, Tamaulipas.- La Feria Tamaulipas, la fiesta popular m\u00e1s importante en nuestro estado se prepara para celebrar su edici\u00f3n 2023, un evento que promete ofrecer un mundo de &hellip;<\/p>\n","protected":false},"author":1,"featured_media":2474,"comment_status":"open","ping_status":"open","sticky":false,"template":"","format":"standard","meta":{"footnotes":""},"categories":[39],"tags":[],"class_list":["post-2473","post","type-post","status-publish","format-standard","has-post-thumbnail","","category-tamaulipas"],"_links":{"self":[{"href":"https:\/\/www.radiointeractivo.com.mx\/index.php?rest_route=\/wp\/v2\/posts\/2473","targetHints":{"allow":["GET"]}}],"collection":[{"href":"https:\/\/www.radiointeractivo.com.mx\/index.php?rest_route=\/wp\/v2\/posts"}],"about":[{"href":"https:\/\/www.radiointeractivo.com.mx\/index.php?rest_route=\/wp\/v2\/types\/post"}],"author":[{"embeddable":true,"href":"https:\/\/www.radiointeractivo.com.mx\/index.php?rest_route=\/wp\/v2\/users\/1"}],"replies":[{"embeddable":true,"href":"https:\/\/www.radiointeractivo.com.mx\/index.php?rest_route=%2Fwp%2Fv2%2Fcomments&post=2473"}],"version-history":[{"count":1,"href":"https:\/\/www.radiointeractivo.com.mx\/index.php?rest_route=\/wp\/v2\/posts\/2473\/revisions"}],"predecessor-version":[{"id":2476,"href":"https:\/\/www.radiointeractivo.com.mx\/index.php?rest_route=\/wp\/v2\/posts\/2473\/revisions\/2476"}],"wp:featuredmedia":[{"embeddable":true,"href":"https:\/\/www.radiointeractivo.com.mx\/index.php?rest_route=\/wp\/v2\/media\/2474"}],"wp:attachment":[{"href":"https:\/\/www.radiointeractivo.com.mx\/index.php?rest_route=%2Fwp%2Fv2%2Fmedia&parent=2473"}],"wp:term":[{"taxonomy":"category","embeddable":true,"href":"https:\/\/www.radiointeractivo.com.mx\/index.php?rest_route=%2Fwp%2Fv2%2Fcategories&post=2473"},{"taxonomy":"post_tag","embeddable":true,"href":"https:\/\/www.radiointeractivo.com.mx\/index.php?rest_route=%2Fwp%2Fv2%2Ftags&post=2473"}],"curies":[{"name":"wp","href":"https:\/\/api.w.org\/{rel}","templated":true}]}}