{"id":2464,"date":"2023-10-06T19:19:37","date_gmt":"2023-10-07T00:19:37","guid":{"rendered":"https:\/\/www.radiointeractivo.com.mx\/?p=2464"},"modified":"2023-10-06T19:19:38","modified_gmt":"2023-10-07T00:19:38","slug":"organiza-secretaria-de-educacion-de-tamaulipas-primera-reunion-con-jefes-de-sector-y-supervisores-de-primaria","status":"publish","type":"post","link":"https:\/\/www.radiointeractivo.com.mx\/?p=2464","title":{"rendered":"Organiza Secretar\u00eda de Educaci\u00f3n de Tamaulipas primera reuni\u00f3n con Jefes de Sector y Supervisores de Primaria"},"content":{"rendered":"\n<p>-Con el apoyo de organismos internacionales, nacionales y expertos en educaci\u00f3n, se busca abatir el rezago educativo en Tamaulipas<\/p>\n\n\n\n<p>Por: Agencias<\/p>\n\n\n\n<p>Ciudad Victoria, Tamaulipas.- En el marco de la firma del convenio de colaboraci\u00f3n entre el Gobierno del Estado de Tamaulipas y el Instituto Natura, la Secretar\u00eda de Educaci\u00f3n de Tamaulipas (SET), llev\u00f3 a cabo el Primer Encuentro de Jefes de Sector y Supervisores de Educaci\u00f3n Primaria, para la implementaci\u00f3n de la Pol\u00edtica de Aprendizajes Fundamentales (PAF) en Tamaulipas, la cual tiene el objetivo de que las y los estudiantes, lleguen a tercero de primaria con las habilidades b\u00e1sicas en lectura y escritura, dentro del campo formativo de Lenguajes.<\/p>\n\n\n\n<p>Tambi\u00e9n se tiene como meta que cuenten con las competencias elementales para las matem\u00e1ticas en el campo formativo de Saberes y Pensamiento Cient\u00edfico y que desarrollen sus habilidades socioemocionales en el campo formativo de \u00c9tica, Naturaleza y Sociedades, todo ello dentro del Plan y Programas de Estudio de la Educaci\u00f3n B\u00e1sica en el marco de la Nueva Escuela Mexicana.<\/p>\n\n\n\n<p>Estos, que son los aprendizajes fundamentales, la UNESCO los define como aquellos que representan los cimientos de otros aprendizajes.<\/p>\n\n\n\n<p>La secretaria de Educaci\u00f3n de Tamaulipas, Luc\u00eda Aim\u00e9 Castillo Pastor, dijo que con la implementaci\u00f3n de la PAF en el estado, se fortalecer\u00e1 tambi\u00e9n la formaci\u00f3n de las y los docentes, lo que se reflejar\u00e1 en mejores aprendizajes que permitan restaurar y construir lazos sociales, promoviendo de esta manera un mejor bienestar para la comunidad.<\/p>\n\n\n\n<p>\u201cEstimadas y estimados Jefes de Sector y Supervisores de Educaci\u00f3n Primaria, sin duda alguna la implementaci\u00f3n ser\u00e1 posible gracias a su voluntad y trabajo, su fortaleza de liderazgo pedag\u00f3gico y colaborativo es ejemplo y el ejemplo arrastra, ustedes son pieza clave en la planeaci\u00f3n y desarrollo de la Ruta Cr\u00edtica de la PAF en el ciclo escolar 2023\u20132024\u201d.<\/p>\n\n\n\n<p>La titular de la SET, destac\u00f3 que este ciclo escolar, es el primero de la Nueva Escuela Mexicana (NEM) y que nos corresponde trabajar todas y todos para ofrecer una educaci\u00f3n que priorice la construcci\u00f3n del pensamiento cr\u00edtico, una educaci\u00f3n que est\u00e1 determinada por su car\u00e1cter humanista y comunitario y que prepara a las y los estudiantes a resolver problem\u00e1ticas locales.<\/p>\n\n\n\n<p>\u201cPara lograrlo, nos toca trabajar a todas y a todos porque s\u00f3lo en unidad, docentes, directivos, personal administrativo, jefes de sector, supervisores, familiares, c\u00e1maras empresariales y sociedad civil lograremos garantizarle a nuestra infancia, una educaci\u00f3n integral y de excelencia que les permita desarrollarse en bienestar\u201d.<\/p>\n\n\n\n<p>Durante este encuentro se cont\u00f3 con la participaci\u00f3n y colaboraci\u00f3n de la UNESCO, V\u00eda Educaci\u00f3n, Faro Social y Educativo y Fundaci\u00f3n Zorro Rojo, organizaciones aliadas del Instituto Natura.<\/p>\n\n\n\n<p>Tambi\u00e9n se desarrollaron actividades para analizar e interpretar los resultados de la evaluaci\u00f3n \u201cTamaulipas Aprende\u201d, los objetivos y avances en la implementaci\u00f3n de la primera etapa en Tamaulipas de la Pol\u00edtica de Aprendizajes Fundamentales, Evaluaci\u00f3n Formativa de Aventuras en Papel y la Presentaci\u00f3n de la Ruta Cr\u00edtica de la PAF en el presente ciclo escolar, entre otros espacios que favorecieron al intercambio de experiencias en el proceso de ense\u00f1anza-aprendizaje.<\/p>\n\n\n\n<p>Estuvieron presentes en esta primera reuni\u00f3n de Jefes de Sector y Supervisores Escolares, la secretaria de Educaci\u00f3n de Tamaulipas, Luc\u00eda Aim\u00e9 Castillo Pastor; Marcela Ram\u00edrez Jord\u00e1n, subsecretaria de Educaci\u00f3n B\u00e1sica; Silvia Guzm\u00e1n Garc\u00eda, directora de Educaci\u00f3n Primaria; Valentina Uribe Zara\u00edn, directora Ejecutiva de Fundaci\u00f3n Zorro Rojo; Pablo Armijo Garc\u00eda, enlace e implementador de V\u00eda Educaci\u00f3n para Tamaulipas; e Imelda C\u00e1zares Arredondo, enlace Unesco de la PAF en Tamaulipas.<\/p>\n","protected":false},"excerpt":{"rendered":"<p>-Con el apoyo de organismos internacionales, nacionales y expertos en educaci\u00f3n, se busca abatir el rezago educativo en Tamaulipas Por: Agencias Ciudad Victoria, Tamaulipas.- En el marco de la firma del convenio de colaboraci\u00f3n entre el Gobierno del Estado de Tamaulipas y el Instituto Natura, la Secretar\u00eda de Educaci\u00f3n de Tamaulipas (SET), llev\u00f3 a cabo &hellip;<\/p>\n","protected":false},"author":1,"featured_media":2465,"comment_status":"open","ping_status":"open","sticky":false,"template":"","format":"standard","meta":{"footnotes":""},"categories":[39],"tags":[],"class_list":["post-2464","post","type-post","status-publish","format-standard","has-post-thumbnail","","category-tamaulipas"],"_links":{"self":[{"href":"https:\/\/www.radiointeractivo.com.mx\/index.php?rest_route=\/wp\/v2\/posts\/2464","targetHints":{"allow":["GET"]}}],"collection":[{"href":"https:\/\/www.radiointeractivo.com.mx\/index.php?rest_route=\/wp\/v2\/posts"}],"about":[{"href":"https:\/\/www.radiointeractivo.com.mx\/index.php?rest_route=\/wp\/v2\/types\/post"}],"author":[{"embeddable":true,"href":"https:\/\/www.radiointeractivo.com.mx\/index.php?rest_route=\/wp\/v2\/users\/1"}],"replies":[{"embeddable":true,"href":"https:\/\/www.radiointeractivo.com.mx\/index.php?rest_route=%2Fwp%2Fv2%2Fcomments&post=2464"}],"version-history":[{"count":1,"href":"https:\/\/www.radiointeractivo.com.mx\/index.php?rest_route=\/wp\/v2\/posts\/2464\/revisions"}],"predecessor-version":[{"id":2466,"href":"https:\/\/www.radiointeractivo.com.mx\/index.php?rest_route=\/wp\/v2\/posts\/2464\/revisions\/2466"}],"wp:featuredmedia":[{"embeddable":true,"href":"https:\/\/www.radiointeractivo.com.mx\/index.php?rest_route=\/wp\/v2\/media\/2465"}],"wp:attachment":[{"href":"https:\/\/www.radiointeractivo.com.mx\/index.php?rest_route=%2Fwp%2Fv2%2Fmedia&parent=2464"}],"wp:term":[{"taxonomy":"category","embeddable":true,"href":"https:\/\/www.radiointeractivo.com.mx\/index.php?rest_route=%2Fwp%2Fv2%2Fcategories&post=2464"},{"taxonomy":"post_tag","embeddable":true,"href":"https:\/\/www.radiointeractivo.com.mx\/index.php?rest_route=%2Fwp%2Fv2%2Ftags&post=2464"}],"curies":[{"name":"wp","href":"https:\/\/api.w.org\/{rel}","templated":true}]}}