{"id":2437,"date":"2023-10-05T22:08:09","date_gmt":"2023-10-06T03:08:09","guid":{"rendered":"https:\/\/www.radiointeractivo.com.mx\/?p=2437"},"modified":"2023-10-05T22:08:09","modified_gmt":"2023-10-06T03:08:09","slug":"vinculan-a-proceso-a-ex-secretario-de-seduma-en-sexenio-de-cabeza-de-vaca","status":"publish","type":"post","link":"https:\/\/www.radiointeractivo.com.mx\/?p=2437","title":{"rendered":"Vinculan a proceso a ex secretario de SEDUMA en sexenio de Cabeza de Vaca"},"content":{"rendered":"\n<p>Por: Agencias<\/p>\n\n\n\n<p>Ciudad Victoria, Tam.- Gilberto Estrella Hern\u00e1ndez, ex secretario de Desarrollo Urbano y Medio Ambiente, durante el sexenio de Francisco Garc\u00eda Cabeza de Vaca, fue vinculado a proceso por el delito de ejercicio il\u00edcito del servicio p\u00fablico.<\/p>\n\n\n\n<p>Durante la continuaci\u00f3n de la Audiencia Inicial, celebrada la tarde de este jueves, el imputado Gilberto Estrella fue notificado de la resoluci\u00f3n que lo vincula a proceso en base al Art\u00edculo 209, fracci\u00f3n IV C\u00f3digo Penal del Estado de Tamaulipas.<\/p>\n\n\n\n<p>El ex titular de SEDUMA en la administraci\u00f3n panista del entonces gobernador Cabeza de Vaca, fue vinculado a proceso por un plazo de tres meses, el cual vence el 05 de enero de 2024, a fin de realizar la investigaci\u00f3n complementaria.<\/p>\n\n\n\n<p>Durante este periodo Estrella Hern\u00e1ndez deber\u00e1 cumplir con una serie de medidas como presentarse cada 15 d\u00edas ante la Unidad de Medidas Cautelares en Reynosa, Tamaulipas; adem\u00e1s se le dict\u00f3 la prohibici\u00f3n de salir del salir sin autorizaci\u00f3n judicial, as\u00ed como la prohibici\u00f3n de concurrir en las oficinas de la Secretar\u00eda de Desarrollo Urbano y Medio Ambiente y no acercarse a la denunciante o testigos durante el tiempo que dure el proceso.<\/p>\n","protected":false},"excerpt":{"rendered":"<p>Por: Agencias Ciudad Victoria, Tam.- Gilberto Estrella Hern\u00e1ndez, ex secretario de Desarrollo Urbano y Medio Ambiente, durante el sexenio de Francisco Garc\u00eda Cabeza de Vaca, fue vinculado a proceso por el delito de ejercicio il\u00edcito del servicio p\u00fablico. Durante la continuaci\u00f3n de la Audiencia Inicial, celebrada la tarde de este jueves, el imputado Gilberto Estrella &hellip;<\/p>\n","protected":false},"author":1,"featured_media":2438,"comment_status":"open","ping_status":"open","sticky":false,"template":"","format":"standard","meta":{"footnotes":""},"categories":[39],"tags":[],"class_list":["post-2437","post","type-post","status-publish","format-standard","has-post-thumbnail","","category-tamaulipas"],"_links":{"self":[{"href":"https:\/\/www.radiointeractivo.com.mx\/index.php?rest_route=\/wp\/v2\/posts\/2437","targetHints":{"allow":["GET"]}}],"collection":[{"href":"https:\/\/www.radiointeractivo.com.mx\/index.php?rest_route=\/wp\/v2\/posts"}],"about":[{"href":"https:\/\/www.radiointeractivo.com.mx\/index.php?rest_route=\/wp\/v2\/types\/post"}],"author":[{"embeddable":true,"href":"https:\/\/www.radiointeractivo.com.mx\/index.php?rest_route=\/wp\/v2\/users\/1"}],"replies":[{"embeddable":true,"href":"https:\/\/www.radiointeractivo.com.mx\/index.php?rest_route=%2Fwp%2Fv2%2Fcomments&post=2437"}],"version-history":[{"count":1,"href":"https:\/\/www.radiointeractivo.com.mx\/index.php?rest_route=\/wp\/v2\/posts\/2437\/revisions"}],"predecessor-version":[{"id":2439,"href":"https:\/\/www.radiointeractivo.com.mx\/index.php?rest_route=\/wp\/v2\/posts\/2437\/revisions\/2439"}],"wp:featuredmedia":[{"embeddable":true,"href":"https:\/\/www.radiointeractivo.com.mx\/index.php?rest_route=\/wp\/v2\/media\/2438"}],"wp:attachment":[{"href":"https:\/\/www.radiointeractivo.com.mx\/index.php?rest_route=%2Fwp%2Fv2%2Fmedia&parent=2437"}],"wp:term":[{"taxonomy":"category","embeddable":true,"href":"https:\/\/www.radiointeractivo.com.mx\/index.php?rest_route=%2Fwp%2Fv2%2Fcategories&post=2437"},{"taxonomy":"post_tag","embeddable":true,"href":"https:\/\/www.radiointeractivo.com.mx\/index.php?rest_route=%2Fwp%2Fv2%2Ftags&post=2437"}],"curies":[{"name":"wp","href":"https:\/\/api.w.org\/{rel}","templated":true}]}}