{"id":2302,"date":"2023-10-03T16:25:37","date_gmt":"2023-10-03T21:25:37","guid":{"rendered":"https:\/\/www.radiointeractivo.com.mx\/?p=2302"},"modified":"2023-10-03T16:25:38","modified_gmt":"2023-10-03T21:25:38","slug":"kemet-y-sindicato-ratifican-convenio-de-revision-salarial-ante-el-centro-de-conciliacion-laboral","status":"publish","type":"post","link":"https:\/\/www.radiointeractivo.com.mx\/?p=2302","title":{"rendered":"Kemet y sindicato ratifican convenio de revisi\u00f3n salarial ante el Centro de Conciliaci\u00f3n Laboral"},"content":{"rendered":"\n<p>-La ratificaci\u00f3n propicia la estabilidad laboral e impulsa la productividad en Ciudad Victoria: Olga Sosa<\/p>\n\n\n\n<p>Por: Agencias<\/p>\n\n\n\n<p>Ciudad Victoria, Tamaulipas. &#8211; La Secretar\u00eda del Trabajo y Previsi\u00f3n Social del gobierno de Am\u00e9rico Villarreal Anaya, atestigu\u00f3 la ratificaci\u00f3n del convenio de revisi\u00f3n salarial entre la empresa maquiladora Kemet y el Sindicato Industrial de Maquiladoras, representado por su secretaria general, en el Centro de Conciliaci\u00f3n Laboral de Tamaulipas.<\/p>\n\n\n\n<p>Al hacer uso de la palabra, la secretaria Olga Patricia Sosa Ru\u00edz afirm\u00f3, \u201cEste es un paso m\u00e1s que refrenda la armon\u00eda y paz laboral en Tamaulipas, destacando la significativa relevancia que tiene la empresa Kemet en nuestra ciudad capital\u201d. Tras diversas negociaciones, se concretaron acuerdos que garantizan \u00edntegramente la protecci\u00f3n de los derechos laborales de las y los trabajadores.<\/p>\n\n\n\n<p>Mencion\u00f3 que la autoridad laboral, representada por el Centro de Conciliaci\u00f3n y la Secretar\u00eda del Trabajo, es testigo del entendimiento que da, \u201ccerteza para las y los trabajadores de esta prestigiosa planta industrial\u201d.<\/p>\n\n\n\n<p>El evento tuvo lugar en las instalaciones del Centro de Conciliaci\u00f3n Laboral, contando con la presencia del director Jos\u00e9 Ives Sober\u00f3n Mej\u00eda, quien dio la bienvenida a la secretaria general del Sindicato Industrial de Maquiladoras Victoria, Mar\u00eda Dolores Z\u00fa\u00f1iga V\u00e1zquez, y al representante legal de Kemet, Alejandro Torres Manzur.<\/p>\n\n\n\n<p>La dirigente sindical de las maquiladoras agradeci\u00f3 especialmente el respaldo brindado por el gobernador Am\u00e9rico Villarreal Anaya y por la secretaria Olga Patricia Sosa Ru\u00edz.<\/p>\n\n\n\n<p>La secretaria del Trabajo refrend\u00f3 su compromiso con todas las empresas generadoras de empleo en el estado siempre en un marco de respeto a los derechos laborales de las y los trabajadores; tambi\u00e9n celebr\u00f3 la firma de este documento, subrayando que refuerza la armon\u00eda y paz laboral en Tamaulipas y motiva que se puedan impulsar planes a futuro para que m\u00e1s personas participen en el desarrollo econ\u00f3mico.<\/p>\n\n\n\n<p>Sosa Ru\u00edz, dijo que por \u00faltimo que este acto ratifica el constante esfuerzo que se est\u00e1 realizando en materia laboral en Tamaulipas.<\/p>\n","protected":false},"excerpt":{"rendered":"<p>-La ratificaci\u00f3n propicia la estabilidad laboral e impulsa la productividad en Ciudad Victoria: Olga Sosa Por: Agencias Ciudad Victoria, Tamaulipas. &#8211; La Secretar\u00eda del Trabajo y Previsi\u00f3n Social del gobierno de Am\u00e9rico Villarreal Anaya, atestigu\u00f3 la ratificaci\u00f3n del convenio de revisi\u00f3n salarial entre la empresa maquiladora Kemet y el Sindicato Industrial de Maquiladoras, representado por &hellip;<\/p>\n","protected":false},"author":1,"featured_media":2303,"comment_status":"open","ping_status":"open","sticky":false,"template":"","format":"standard","meta":{"footnotes":""},"categories":[39],"tags":[],"class_list":["post-2302","post","type-post","status-publish","format-standard","has-post-thumbnail","","category-tamaulipas"],"_links":{"self":[{"href":"https:\/\/www.radiointeractivo.com.mx\/index.php?rest_route=\/wp\/v2\/posts\/2302","targetHints":{"allow":["GET"]}}],"collection":[{"href":"https:\/\/www.radiointeractivo.com.mx\/index.php?rest_route=\/wp\/v2\/posts"}],"about":[{"href":"https:\/\/www.radiointeractivo.com.mx\/index.php?rest_route=\/wp\/v2\/types\/post"}],"author":[{"embeddable":true,"href":"https:\/\/www.radiointeractivo.com.mx\/index.php?rest_route=\/wp\/v2\/users\/1"}],"replies":[{"embeddable":true,"href":"https:\/\/www.radiointeractivo.com.mx\/index.php?rest_route=%2Fwp%2Fv2%2Fcomments&post=2302"}],"version-history":[{"count":1,"href":"https:\/\/www.radiointeractivo.com.mx\/index.php?rest_route=\/wp\/v2\/posts\/2302\/revisions"}],"predecessor-version":[{"id":2304,"href":"https:\/\/www.radiointeractivo.com.mx\/index.php?rest_route=\/wp\/v2\/posts\/2302\/revisions\/2304"}],"wp:featuredmedia":[{"embeddable":true,"href":"https:\/\/www.radiointeractivo.com.mx\/index.php?rest_route=\/wp\/v2\/media\/2303"}],"wp:attachment":[{"href":"https:\/\/www.radiointeractivo.com.mx\/index.php?rest_route=%2Fwp%2Fv2%2Fmedia&parent=2302"}],"wp:term":[{"taxonomy":"category","embeddable":true,"href":"https:\/\/www.radiointeractivo.com.mx\/index.php?rest_route=%2Fwp%2Fv2%2Fcategories&post=2302"},{"taxonomy":"post_tag","embeddable":true,"href":"https:\/\/www.radiointeractivo.com.mx\/index.php?rest_route=%2Fwp%2Fv2%2Ftags&post=2302"}],"curies":[{"name":"wp","href":"https:\/\/api.w.org\/{rel}","templated":true}]}}