{"id":2299,"date":"2023-10-03T14:56:39","date_gmt":"2023-10-03T19:56:39","guid":{"rendered":"https:\/\/www.radiointeractivo.com.mx\/?p=2299"},"modified":"2023-10-03T14:56:40","modified_gmt":"2023-10-03T19:56:40","slug":"promueve-imjuve-participacion-politica-de-jovenes-con-cabildo-juvenil","status":"publish","type":"post","link":"https:\/\/www.radiointeractivo.com.mx\/?p=2299","title":{"rendered":"PROMUEVE IMJUVE PARTICIPACI\u00d3N POL\u00cdTICA DE J\u00d3VENES CON CABILDO JUVENIL"},"content":{"rendered":"\n<p>Por: Staff | #NuevoLaredo #Tamaulipas<\/p>\n\n\n\n<p>Se instal\u00f3 el Cabildo Juvenil 2023 en el que 24 j\u00f3venes dieron a conocer diversas propuestas para impulsar acciones y actividades que promuevan el desarrollo en Nuevo Laredo.<\/p>\n\n\n\n<p>Jes\u00fas Espinoza Hern\u00e1ndez, director del Instituto Municipal para el Desarrollo de la Juventud (IMJUVE), mencion\u00f3 sobre el momento hist\u00f3rico que vive la ciudad en el que se toma en cuenta la opini\u00f3n de los j\u00f3venes.<\/p>\n\n\n\n<p>\u201cPara nuestra presidenta municipal, Carmen Lilia Canturosas, es un pilar de la transformaci\u00f3n escuchar la voz de todos, para que los j\u00f3venes asuman su rol como agentes transformadores de nuestra sociedad y planteen propuestas concretas\u201d, dijo Espinoza Hern\u00e1ndez.<\/p>\n\n\n\n<p>Indic\u00f3 que en los j\u00f3venes existe el inter\u00e9s de participar desde las luchas sociales como colectivo feminista, ambientalista, la lucha por los derechos de la comunidad LGBT+, la cultura y el deporte.<\/p>\n\n\n\n<p>Se consider\u00f3 la Sala de Cabildo \u201cNi\u00f1os H\u00e9roes de Chapultepec&#8221; para realizar esta reuni\u00f3n, pues es ah\u00ed donde s\u00edndicos, regidores y la presidenta municipal plantean y aprueban decisiones importantes para la comunidad.<\/p>\n\n\n\n<p>\u201cPara que vean los j\u00f3venes el grado de importancia que le da la alcaldesa Carmen Lilia es que estamos usando este recinto y sobre todo, que las propuestas est\u00e1n encaminadas a mejorar \u00e1reas de tecnolog\u00eda, burocratizaci\u00f3n, ampliar las capacidades de atenci\u00f3n y fomentar la participaci\u00f3n\u201d, se\u00f1al\u00f3 el director del IMJUVE.<\/p>\n\n\n\n<p>El cabildo juvenil qued\u00f3 conformado por: Carlos M\u00e9ndez, presidente municipal; Samantha Negrete, primera s\u00edndica; Ricardo T\u00e9llez, segundo s\u00edndico; as\u00ed como Paola Torres, Randall Murillo, Azeneth Molano, Gerardo Romero, Diana Hilario, Jos\u00e9 Mu\u00f1oz, Mar\u00eda Fernanda Muro, Jaziel Ortiz, como regidores.<\/p>\n\n\n\n<p>Tambi\u00e9n Am\u00e9rica Mendoza Sifuentes, Mart\u00edn Lira, Isis Anah\u00ed J\u00e1uregui, Ariel Hern\u00e1ndez, Jennifer Ram\u00edrez, Freddy Rosales, Tania Cano, Axel Flores, Romina Herrej\u00f3n, Leonardo Perales, Miriam Gonz\u00e1lez, Jos\u00e9 Gonz\u00e1lez y Yolanda Mart\u00ednez, formaron parte de este cabildo juvenil.<\/p>\n\n\n\n<p>La instalaci\u00f3n del Cabildo Juvenil fue presenciada por alumnos de la Universidad Aut\u00f3noma de Tamaulipas (UAT) y del Instituto Tecnol\u00f3gico de Nuevo Laredo (ITNL) para fomentar la participaci\u00f3n social.<\/p>\n","protected":false},"excerpt":{"rendered":"<p>Por: Staff | #NuevoLaredo #Tamaulipas Se instal\u00f3 el Cabildo Juvenil 2023 en el que 24 j\u00f3venes dieron a conocer diversas propuestas para impulsar acciones y actividades que promuevan el desarrollo en Nuevo Laredo. Jes\u00fas Espinoza Hern\u00e1ndez, director del Instituto Municipal para el Desarrollo de la Juventud (IMJUVE), mencion\u00f3 sobre el momento hist\u00f3rico que vive la &hellip;<\/p>\n","protected":false},"author":1,"featured_media":2300,"comment_status":"open","ping_status":"open","sticky":false,"template":"","format":"standard","meta":{"footnotes":""},"categories":[38],"tags":[],"class_list":["post-2299","post","type-post","status-publish","format-standard","has-post-thumbnail","","category-nuevo-laredo"],"_links":{"self":[{"href":"https:\/\/www.radiointeractivo.com.mx\/index.php?rest_route=\/wp\/v2\/posts\/2299","targetHints":{"allow":["GET"]}}],"collection":[{"href":"https:\/\/www.radiointeractivo.com.mx\/index.php?rest_route=\/wp\/v2\/posts"}],"about":[{"href":"https:\/\/www.radiointeractivo.com.mx\/index.php?rest_route=\/wp\/v2\/types\/post"}],"author":[{"embeddable":true,"href":"https:\/\/www.radiointeractivo.com.mx\/index.php?rest_route=\/wp\/v2\/users\/1"}],"replies":[{"embeddable":true,"href":"https:\/\/www.radiointeractivo.com.mx\/index.php?rest_route=%2Fwp%2Fv2%2Fcomments&post=2299"}],"version-history":[{"count":1,"href":"https:\/\/www.radiointeractivo.com.mx\/index.php?rest_route=\/wp\/v2\/posts\/2299\/revisions"}],"predecessor-version":[{"id":2301,"href":"https:\/\/www.radiointeractivo.com.mx\/index.php?rest_route=\/wp\/v2\/posts\/2299\/revisions\/2301"}],"wp:featuredmedia":[{"embeddable":true,"href":"https:\/\/www.radiointeractivo.com.mx\/index.php?rest_route=\/wp\/v2\/media\/2300"}],"wp:attachment":[{"href":"https:\/\/www.radiointeractivo.com.mx\/index.php?rest_route=%2Fwp%2Fv2%2Fmedia&parent=2299"}],"wp:term":[{"taxonomy":"category","embeddable":true,"href":"https:\/\/www.radiointeractivo.com.mx\/index.php?rest_route=%2Fwp%2Fv2%2Fcategories&post=2299"},{"taxonomy":"post_tag","embeddable":true,"href":"https:\/\/www.radiointeractivo.com.mx\/index.php?rest_route=%2Fwp%2Fv2%2Ftags&post=2299"}],"curies":[{"name":"wp","href":"https:\/\/api.w.org\/{rel}","templated":true}]}}