{"id":2296,"date":"2023-10-03T14:21:28","date_gmt":"2023-10-03T19:21:28","guid":{"rendered":"https:\/\/www.radiointeractivo.com.mx\/?p=2296"},"modified":"2023-10-03T14:21:29","modified_gmt":"2023-10-03T19:21:29","slug":"destaca-gobernador-capacitacion-de-elementos-de-formacion-inicial-para-guardia-estatal-en-la-usjt","status":"publish","type":"post","link":"https:\/\/www.radiointeractivo.com.mx\/?p=2296","title":{"rendered":"Destaca gobernador capacitaci\u00f3n de elementos de formaci\u00f3n inicial para Guardia Estatal en la USJT"},"content":{"rendered":"\n<p>&#8211; A 365 d\u00edas del inicio de su gobierno, en su mensaje a los tamaulipecos, el mandatario dijo que la Universidad prepara actualmente a mil 137 postulantes<\/p>\n\n\n\n<p>Por: Agencias<\/p>\n\n\n\n<p>Ciudad Victoria, Tamaulipas. &#8211; Luego de recibir una corporaci\u00f3n policial con irregularidades, donde no se le hab\u00eda puesto atenci\u00f3n a su capacitaci\u00f3n y profesionalizaci\u00f3n, el presente gobierno hizo posible que la transformaci\u00f3n llegara a estos rubros, mediante una serie de estrategias a fin de consolidar la creaci\u00f3n de la Guardia Estatal, la cual recibe instrucci\u00f3n de diversas disciplinas en la Universidad de Seguridad y Justicia de Tamaulipas.<\/p>\n\n\n\n<p>\u201cUna de las claves del cambio de estrategia fue la creaci\u00f3n de la Guardia Estatal que al d\u00eda de hoy cuenta con un estado de fuerza de 3 mil 800 elementos\u201d, destac\u00f3 el gobernador Am\u00e9rico Villarreal Anaya, ante legisladores federales y locales, alcaldes y mandos de las fuerzas militares, as\u00ed como dirigentes empresariales y representantes de la sociedad civil.<\/p>\n\n\n\n<p>En su mensaje a los tamaulipecos, al cumplirse 365 d\u00edas del inicio de su gobierno, Villarreal Anaya inform\u00f3 que con un escalaf\u00f3n ajeno a las buenas pr\u00e1cticas de la labor policial, lo cual restaba capacidad para atender y velar por la seguridad de las y los ciudadanos, se opt\u00f3 por la creaci\u00f3n de la Guardia Estatal.<\/p>\n\n\n\n<p>\u201cSeguimos reclutando y capacitando a trav\u00e9s de la Universidad de Seguridad y Justicia de Tamaulipas (USJT), que en este momento prepara a 1 mil 137 postulantes en cursos de competencias b\u00e1sicas de la funci\u00f3n policial como polic\u00edas preventivos, de investigaci\u00f3n, especialistas en criminolog\u00eda, custodios y ministerios p\u00fablicos\u201d, dijo el mandatario estatal.<\/p>\n\n\n\n<p>Indic\u00f3 que a 365 d\u00edas, privilegiando la honestidad, la verdad y la justicia, la transformaci\u00f3n de Tamaulipas es un hecho real y se demuestra que se puede actuar de manera distinta, con probidad y apego a un modelo y una filosof\u00eda humanista que ha dado pruebas de que funciona excepcionalmente.<\/p>\n","protected":false},"excerpt":{"rendered":"<p>&#8211; A 365 d\u00edas del inicio de su gobierno, en su mensaje a los tamaulipecos, el mandatario dijo que la Universidad prepara actualmente a mil 137 postulantes Por: Agencias Ciudad Victoria, Tamaulipas. &#8211; Luego de recibir una corporaci\u00f3n policial con irregularidades, donde no se le hab\u00eda puesto atenci\u00f3n a su capacitaci\u00f3n y profesionalizaci\u00f3n, el presente &hellip;<\/p>\n","protected":false},"author":1,"featured_media":2297,"comment_status":"open","ping_status":"open","sticky":false,"template":"","format":"standard","meta":{"footnotes":""},"categories":[39],"tags":[],"class_list":["post-2296","post","type-post","status-publish","format-standard","has-post-thumbnail","","category-tamaulipas"],"_links":{"self":[{"href":"https:\/\/www.radiointeractivo.com.mx\/index.php?rest_route=\/wp\/v2\/posts\/2296","targetHints":{"allow":["GET"]}}],"collection":[{"href":"https:\/\/www.radiointeractivo.com.mx\/index.php?rest_route=\/wp\/v2\/posts"}],"about":[{"href":"https:\/\/www.radiointeractivo.com.mx\/index.php?rest_route=\/wp\/v2\/types\/post"}],"author":[{"embeddable":true,"href":"https:\/\/www.radiointeractivo.com.mx\/index.php?rest_route=\/wp\/v2\/users\/1"}],"replies":[{"embeddable":true,"href":"https:\/\/www.radiointeractivo.com.mx\/index.php?rest_route=%2Fwp%2Fv2%2Fcomments&post=2296"}],"version-history":[{"count":1,"href":"https:\/\/www.radiointeractivo.com.mx\/index.php?rest_route=\/wp\/v2\/posts\/2296\/revisions"}],"predecessor-version":[{"id":2298,"href":"https:\/\/www.radiointeractivo.com.mx\/index.php?rest_route=\/wp\/v2\/posts\/2296\/revisions\/2298"}],"wp:featuredmedia":[{"embeddable":true,"href":"https:\/\/www.radiointeractivo.com.mx\/index.php?rest_route=\/wp\/v2\/media\/2297"}],"wp:attachment":[{"href":"https:\/\/www.radiointeractivo.com.mx\/index.php?rest_route=%2Fwp%2Fv2%2Fmedia&parent=2296"}],"wp:term":[{"taxonomy":"category","embeddable":true,"href":"https:\/\/www.radiointeractivo.com.mx\/index.php?rest_route=%2Fwp%2Fv2%2Fcategories&post=2296"},{"taxonomy":"post_tag","embeddable":true,"href":"https:\/\/www.radiointeractivo.com.mx\/index.php?rest_route=%2Fwp%2Fv2%2Ftags&post=2296"}],"curies":[{"name":"wp","href":"https:\/\/api.w.org\/{rel}","templated":true}]}}