{"id":2253,"date":"2023-10-02T15:18:40","date_gmt":"2023-10-02T20:18:40","guid":{"rendered":"https:\/\/www.radiointeractivo.com.mx\/?p=2253"},"modified":"2023-10-02T15:18:41","modified_gmt":"2023-10-02T20:18:41","slug":"capacitan-a-productores-agropecuarios-mediante-el-programa-de-extensionismo-rural","status":"publish","type":"post","link":"https:\/\/www.radiointeractivo.com.mx\/?p=2253","title":{"rendered":"Capacitan a productores agropecuarios mediante el Programa de Extensionismo Rural"},"content":{"rendered":"\n<p>Octubre 02 de 2023<\/p>\n\n\n\n<p>Ciudad Victoria, Tamaulipas-. Con el objetivo de fomentar el desarrollo de capacidades, el inter\u00e9s y deseos de superaci\u00f3n, la Secretar\u00eda de Desarrollo Rural, Pesca y Acuacultura en coordinaci\u00f3n con el Instituto de Capacitaci\u00f3n para el Empleo (ITACE), y el Centro de Formaci\u00f3n para el Trabajo (CEFOT), realiz\u00f3 la capacitaci\u00f3n a 570 productoras y productores donde recibieron asesor\u00eda y acompa\u00f1amiento t\u00e9cnico.<\/p>\n\n\n\n<p>Dicho curso de capacitaci\u00f3n se imparti\u00f3 en 14 municipios de la zona centro y sur del estado el cual estuvo encabezado por el subsecretario de Desarrollo Pecuario y Forestal, Cuauht\u00e9moc Amaya Garc\u00eda, esto como parte del Programa de Extensionismo Rural, el cual busca fomentar las actividades productivas que desarrolla el sector rural en el estado.<\/p>\n\n\n\n<p>Los participantes estar\u00e1n recibiendo la asesor\u00eda y acompa\u00f1amiento t\u00e9cnico de 19 profesionistas con experiencia en el ramo, durante los meses de julio a diciembre del presente a\u00f1o, como lo son pr\u00e1cticas de capacitaci\u00f3n y asistencia t\u00e9cnica agr\u00edcola en productos (sorgo, c\u00edtricos, ma\u00edz, mango, nopal verdura y tunero), y en cuanto al tema pecuario incluye (ap\u00edcola, bovino y caprino).<\/p>\n\n\n\n<p>\u201cEn lo que respecta al extensionismo agr\u00edcola se est\u00e1n atendiendo las cadenas productivas con el acompa\u00f1amiento hacia los productores, para ello se brinda la asistencia t\u00e9cnica, asesor\u00eda y capacitaci\u00f3n en temas de relevancia y necesidades resaltadas por las agrupaciones\u201d, expres\u00f3 el Subsecretario de Desarrollo Pecuario y Forestal.<\/p>\n\n\n\n<p>Cuauht\u00e9moc Amaya se\u00f1al\u00f3 que los temas en extensionismo agr\u00edcola son: Conocimiento de la ley frut\u00edcola en el estado de Tamaulipas, Aspectos sanitarios (Plagas y enfermedades, Valor agregado, Estructuras del suelo, Mejoradores del suelo agr\u00edcola, Elaboraci\u00f3n de bioinsumos como alternativas, Nutrici\u00f3n y fertilizaci\u00f3n, Microbiolog\u00eda de los suelos, Suelos muertos y reactivaci\u00f3n del mismo, adem\u00e1s de Tecnolog\u00eda para el uso eficiente del agua.<\/p>\n\n\n\n<p>Refiri\u00f3 que con estas capacitaciones, se pretende transferir innovaciones tecnol\u00f3gicas para que sean adoptadas por los productores, las cuales ayudar\u00e1n a minimizar la problem\u00e1tica detectada mediante el an\u00e1lisis del diagn\u00f3stico, con lo cual se busca incrementar y\/o mantener los par\u00e1metros productivos de cada una de las cadenas, con la finalidad de mejorar la calidad de vida de los participantes.<\/p>\n","protected":false},"excerpt":{"rendered":"<p>Octubre 02 de 2023 Ciudad Victoria, Tamaulipas-. Con el objetivo de fomentar el desarrollo de capacidades, el inter\u00e9s y deseos de superaci\u00f3n, la Secretar\u00eda de Desarrollo Rural, Pesca y Acuacultura en coordinaci\u00f3n con el Instituto de Capacitaci\u00f3n para el Empleo (ITACE), y el Centro de Formaci\u00f3n para el Trabajo (CEFOT), realiz\u00f3 la capacitaci\u00f3n a 570 &hellip;<\/p>\n","protected":false},"author":1,"featured_media":2254,"comment_status":"open","ping_status":"open","sticky":false,"template":"","format":"standard","meta":{"footnotes":""},"categories":[39],"tags":[],"class_list":["post-2253","post","type-post","status-publish","format-standard","has-post-thumbnail","","category-tamaulipas"],"_links":{"self":[{"href":"https:\/\/www.radiointeractivo.com.mx\/index.php?rest_route=\/wp\/v2\/posts\/2253","targetHints":{"allow":["GET"]}}],"collection":[{"href":"https:\/\/www.radiointeractivo.com.mx\/index.php?rest_route=\/wp\/v2\/posts"}],"about":[{"href":"https:\/\/www.radiointeractivo.com.mx\/index.php?rest_route=\/wp\/v2\/types\/post"}],"author":[{"embeddable":true,"href":"https:\/\/www.radiointeractivo.com.mx\/index.php?rest_route=\/wp\/v2\/users\/1"}],"replies":[{"embeddable":true,"href":"https:\/\/www.radiointeractivo.com.mx\/index.php?rest_route=%2Fwp%2Fv2%2Fcomments&post=2253"}],"version-history":[{"count":1,"href":"https:\/\/www.radiointeractivo.com.mx\/index.php?rest_route=\/wp\/v2\/posts\/2253\/revisions"}],"predecessor-version":[{"id":2255,"href":"https:\/\/www.radiointeractivo.com.mx\/index.php?rest_route=\/wp\/v2\/posts\/2253\/revisions\/2255"}],"wp:featuredmedia":[{"embeddable":true,"href":"https:\/\/www.radiointeractivo.com.mx\/index.php?rest_route=\/wp\/v2\/media\/2254"}],"wp:attachment":[{"href":"https:\/\/www.radiointeractivo.com.mx\/index.php?rest_route=%2Fwp%2Fv2%2Fmedia&parent=2253"}],"wp:term":[{"taxonomy":"category","embeddable":true,"href":"https:\/\/www.radiointeractivo.com.mx\/index.php?rest_route=%2Fwp%2Fv2%2Fcategories&post=2253"},{"taxonomy":"post_tag","embeddable":true,"href":"https:\/\/www.radiointeractivo.com.mx\/index.php?rest_route=%2Fwp%2Fv2%2Ftags&post=2253"}],"curies":[{"name":"wp","href":"https:\/\/api.w.org\/{rel}","templated":true}]}}