{"id":2235,"date":"2023-10-02T11:58:46","date_gmt":"2023-10-02T16:58:46","guid":{"rendered":"https:\/\/www.radiointeractivo.com.mx\/?p=2235"},"modified":"2023-10-02T11:58:46","modified_gmt":"2023-10-02T16:58:46","slug":"confirman-10-los-muertos-y-suben-los-heridos-por-colapso-de-techumbre-en-iglesia-de-ciudad-madero","status":"publish","type":"post","link":"https:\/\/www.radiointeractivo.com.mx\/?p=2235","title":{"rendered":"Confirman 10 los muertos y suben los heridos por colapso de techumbre en iglesia de Ciudad Madero"},"content":{"rendered":"\n<p>Por: Agencias | #CiudadMadero #Tamaulipas<\/p>\n\n\n\n<p>La cifra de muertos por el colapso de una iglesia en el estado de Tamaulipas, en el norte de M\u00e9xico, subi\u00f3 este lunes a 10, mientras que el n\u00famero de heridos se elev\u00f3 a 60, seg\u00fan inform\u00f3 el Gobierno estatal.<\/p>\n\n\n\n<p>Lamentablemente, se reporta la cifra de 10 fallecidos y 60 heridos, de los cuales 23 permanecen hospitalizados, dos de ellos con heridas graves, expuso la Vocer\u00eda de Seguridad de Tamaulipas en un breve comunicado en redes sociales.<\/p>\n\n\n\n<p>El techo del templo cat\u00f3lico colaps\u00f3 este domingo durante una ceremonia en Ciudad Madero, donde en un inicio se reportaron tres personas muertas y varias heridas, adem\u00e1s de decenas que quedaron atrapadas.<\/p>\n\n\n\n<p>Por el momento se desconocen las causas del accidente por el que la estructura del edificio se vino abajo durante la misa comunitaria para la realizaci\u00f3n de un bautismo.<\/p>\n\n\n\n<p>El accidente se produjo alrededor de las 15.30 horas (21.30 GMT) y en el lugar se encontraban familias formadas por personas de todas las edades. El suceso fue tan repentino, que no dio tiempo a que desalojaran el lugar.<\/p>\n\n\n\n<p>El Gobierno de Tamaulipas, que en una actualizaci\u00f3n pasada hab\u00eda informado de nueve muertos y 40 heridos, avis\u00f3 que las labores de rescate contin\u00faan.<\/p>\n\n\n\n<p>Personal del Equipo de B\u00fasqueda y Rescate Urbano de la Secretar\u00eda de Marina arriban al lugar para apoyar con los trabajos de rescate, concluy\u00f3 la Vocer\u00eda de Seguridad en un breve comunicado.<\/p>\n\n\n\n<p>El sacerdote \u00c1ngel Vargas, quien oficiaba la misa al momento del derrumbe, ha expuesto a medios locales que hab\u00eda en el recinto entre 80 y 100 personas, por lo que teme que los muertos superen la actual cifra oficial.<\/p>\n\n\n\n<figure class=\"wp-block-image size-full\"><img loading=\"lazy\" decoding=\"async\" width=\"600\" height=\"330\" src=\"https:\/\/www.radiointeractivo.com.mx\/wp-content\/uploads\/2023\/10\/VmTYyWzp.png\" alt=\"\" class=\"wp-image-2237\" srcset=\"https:\/\/www.radiointeractivo.com.mx\/wp-content\/uploads\/2023\/10\/VmTYyWzp.png 600w, https:\/\/www.radiointeractivo.com.mx\/wp-content\/uploads\/2023\/10\/VmTYyWzp-300x165.png 300w\" sizes=\"auto, (max-width: 600px) 100vw, 600px\" \/><\/figure>\n\n\n\n<figure class=\"wp-block-image size-large\"><img loading=\"lazy\" decoding=\"async\" width=\"1024\" height=\"768\" src=\"https:\/\/www.radiointeractivo.com.mx\/wp-content\/uploads\/2023\/10\/WhatsApp-Image-2023-10-01-at-5.43.31-PM-1-1024x768.jpeg\" alt=\"\" class=\"wp-image-2236\" srcset=\"https:\/\/www.radiointeractivo.com.mx\/wp-content\/uploads\/2023\/10\/WhatsApp-Image-2023-10-01-at-5.43.31-PM-1-1024x768.jpeg 1024w, https:\/\/www.radiointeractivo.com.mx\/wp-content\/uploads\/2023\/10\/WhatsApp-Image-2023-10-01-at-5.43.31-PM-1-300x225.jpeg 300w, https:\/\/www.radiointeractivo.com.mx\/wp-content\/uploads\/2023\/10\/WhatsApp-Image-2023-10-01-at-5.43.31-PM-1-768x576.jpeg 768w, https:\/\/www.radiointeractivo.com.mx\/wp-content\/uploads\/2023\/10\/WhatsApp-Image-2023-10-01-at-5.43.31-PM-1-1536x1152.jpeg 1536w, https:\/\/www.radiointeractivo.com.mx\/wp-content\/uploads\/2023\/10\/WhatsApp-Image-2023-10-01-at-5.43.31-PM-1.jpeg 1600w\" sizes=\"auto, (max-width: 1024px) 100vw, 1024px\" \/><\/figure>\n","protected":false},"excerpt":{"rendered":"<p>Por: Agencias | #CiudadMadero #Tamaulipas La cifra de muertos por el colapso de una iglesia en el estado de Tamaulipas, en el norte de M\u00e9xico, subi\u00f3 este lunes a 10, mientras que el n\u00famero de heridos se elev\u00f3 a 60, seg\u00fan inform\u00f3 el Gobierno estatal. Lamentablemente, se reporta la cifra de 10 fallecidos y 60 &hellip;<\/p>\n","protected":false},"author":1,"featured_media":2238,"comment_status":"open","ping_status":"open","sticky":false,"template":"","format":"standard","meta":{"footnotes":""},"categories":[39],"tags":[],"class_list":["post-2235","post","type-post","status-publish","format-standard","has-post-thumbnail","","category-tamaulipas"],"_links":{"self":[{"href":"https:\/\/www.radiointeractivo.com.mx\/index.php?rest_route=\/wp\/v2\/posts\/2235","targetHints":{"allow":["GET"]}}],"collection":[{"href":"https:\/\/www.radiointeractivo.com.mx\/index.php?rest_route=\/wp\/v2\/posts"}],"about":[{"href":"https:\/\/www.radiointeractivo.com.mx\/index.php?rest_route=\/wp\/v2\/types\/post"}],"author":[{"embeddable":true,"href":"https:\/\/www.radiointeractivo.com.mx\/index.php?rest_route=\/wp\/v2\/users\/1"}],"replies":[{"embeddable":true,"href":"https:\/\/www.radiointeractivo.com.mx\/index.php?rest_route=%2Fwp%2Fv2%2Fcomments&post=2235"}],"version-history":[{"count":1,"href":"https:\/\/www.radiointeractivo.com.mx\/index.php?rest_route=\/wp\/v2\/posts\/2235\/revisions"}],"predecessor-version":[{"id":2239,"href":"https:\/\/www.radiointeractivo.com.mx\/index.php?rest_route=\/wp\/v2\/posts\/2235\/revisions\/2239"}],"wp:featuredmedia":[{"embeddable":true,"href":"https:\/\/www.radiointeractivo.com.mx\/index.php?rest_route=\/wp\/v2\/media\/2238"}],"wp:attachment":[{"href":"https:\/\/www.radiointeractivo.com.mx\/index.php?rest_route=%2Fwp%2Fv2%2Fmedia&parent=2235"}],"wp:term":[{"taxonomy":"category","embeddable":true,"href":"https:\/\/www.radiointeractivo.com.mx\/index.php?rest_route=%2Fwp%2Fv2%2Fcategories&post=2235"},{"taxonomy":"post_tag","embeddable":true,"href":"https:\/\/www.radiointeractivo.com.mx\/index.php?rest_route=%2Fwp%2Fv2%2Ftags&post=2235"}],"curies":[{"name":"wp","href":"https:\/\/api.w.org\/{rel}","templated":true}]}}