{"id":2231,"date":"2023-10-02T11:34:50","date_gmt":"2023-10-02T16:34:50","guid":{"rendered":"https:\/\/www.radiointeractivo.com.mx\/?p=2231"},"modified":"2023-10-02T11:34:51","modified_gmt":"2023-10-02T16:34:51","slug":"sancionaran-a-quienes-incumplieron-pago-a-docentes","status":"publish","type":"post","link":"https:\/\/www.radiointeractivo.com.mx\/?p=2231","title":{"rendered":"Sancionar\u00e1n a quienes incumplieron pago a docentes"},"content":{"rendered":"\n<p>Por: Agencias | #CiudadVictoria #Tamaulipas<\/p>\n\n\n\n<p>La Secretar\u00eda de Educaci\u00f3n de Tamaulipas confirm\u00f3 que se fincar\u00e1n responsabilidades a las que haya lugar en contra de ex funcionarios p\u00fablicos que no realizaron el pago a los docentes que habr\u00edan cumplido con su responsabilidad educativa.<\/p>\n\n\n\n<p>As\u00ed lo declar\u00f3 la titular de la SET, Lucia Aim\u00e9 Castillo Pastor al ser entrevistada respect\u00f3 a las quejas presentadas hacia el interior de la dependencia estatal.<\/p>\n\n\n\n<p>\u201cEn muchos sentidos tiene que haber una investigaci\u00f3n sobre procedimientos no atendidos para poderle dar la viabilidad al acercamiento de recursos extraordinarios\u201d.<\/p>\n\n\n\n<p>Castillo Pastor advirti\u00f3 que si hay evidencia de que el personal haya realizado alg\u00fan tipo de actividad y no se cubri\u00f3 en tiempo y forma el tr\u00e1mite, de pago, \u201ctendr\u00e1 que haber responsabilidades\u201d.<\/p>\n\n\n\n<p>La funcionaria educativa declar\u00f3 que poco a poco se han ido atendiendo diversas irregularidades que afectaban a un importante n\u00famero de maestros, situaciones que debieron ser atenidas por de la pasada administraci\u00f3n estatal.<\/p>\n\n\n\n<p>\u201cEstamos avanzando, la semana pasada dimos cuenta del avance del trabajo que estamos realizando en apoyo a la regularizaci\u00f3n de un importante n\u00famero de maestros, una gran concentraci\u00f3n de situaciones que se han ido corrigiendo\u201d, refiri\u00f3 Castillo Pastor.<\/p>\n","protected":false},"excerpt":{"rendered":"<p>Por: Agencias | #CiudadVictoria #Tamaulipas La Secretar\u00eda de Educaci\u00f3n de Tamaulipas confirm\u00f3 que se fincar\u00e1n responsabilidades a las que haya lugar en contra de ex funcionarios p\u00fablicos que no realizaron el pago a los docentes que habr\u00edan cumplido con su responsabilidad educativa. As\u00ed lo declar\u00f3 la titular de la SET, Lucia Aim\u00e9 Castillo Pastor al &hellip;<\/p>\n","protected":false},"author":1,"featured_media":2232,"comment_status":"open","ping_status":"open","sticky":false,"template":"","format":"standard","meta":{"footnotes":""},"categories":[39],"tags":[],"class_list":["post-2231","post","type-post","status-publish","format-standard","has-post-thumbnail","","category-tamaulipas"],"_links":{"self":[{"href":"https:\/\/www.radiointeractivo.com.mx\/index.php?rest_route=\/wp\/v2\/posts\/2231","targetHints":{"allow":["GET"]}}],"collection":[{"href":"https:\/\/www.radiointeractivo.com.mx\/index.php?rest_route=\/wp\/v2\/posts"}],"about":[{"href":"https:\/\/www.radiointeractivo.com.mx\/index.php?rest_route=\/wp\/v2\/types\/post"}],"author":[{"embeddable":true,"href":"https:\/\/www.radiointeractivo.com.mx\/index.php?rest_route=\/wp\/v2\/users\/1"}],"replies":[{"embeddable":true,"href":"https:\/\/www.radiointeractivo.com.mx\/index.php?rest_route=%2Fwp%2Fv2%2Fcomments&post=2231"}],"version-history":[{"count":1,"href":"https:\/\/www.radiointeractivo.com.mx\/index.php?rest_route=\/wp\/v2\/posts\/2231\/revisions"}],"predecessor-version":[{"id":2233,"href":"https:\/\/www.radiointeractivo.com.mx\/index.php?rest_route=\/wp\/v2\/posts\/2231\/revisions\/2233"}],"wp:featuredmedia":[{"embeddable":true,"href":"https:\/\/www.radiointeractivo.com.mx\/index.php?rest_route=\/wp\/v2\/media\/2232"}],"wp:attachment":[{"href":"https:\/\/www.radiointeractivo.com.mx\/index.php?rest_route=%2Fwp%2Fv2%2Fmedia&parent=2231"}],"wp:term":[{"taxonomy":"category","embeddable":true,"href":"https:\/\/www.radiointeractivo.com.mx\/index.php?rest_route=%2Fwp%2Fv2%2Fcategories&post=2231"},{"taxonomy":"post_tag","embeddable":true,"href":"https:\/\/www.radiointeractivo.com.mx\/index.php?rest_route=%2Fwp%2Fv2%2Ftags&post=2231"}],"curies":[{"name":"wp","href":"https:\/\/api.w.org\/{rel}","templated":true}]}}