{"id":2212,"date":"2023-10-01T18:21:30","date_gmt":"2023-10-01T23:21:30","guid":{"rendered":"https:\/\/www.radiointeractivo.com.mx\/?p=2212"},"modified":"2023-10-01T18:21:30","modified_gmt":"2023-10-01T23:21:30","slug":"celebran-miles-de-familias-neolaredenses-fiesta-mexicana-2","status":"publish","type":"post","link":"https:\/\/www.radiointeractivo.com.mx\/?p=2212","title":{"rendered":"CELEBRAN MILES DE FAMILIAS NEOLAREDENSES FIESTA MEXICANA"},"content":{"rendered":"\n<p>Por: Staff | #NuevoLaredo #Tamaulipas<\/p>\n\n\n\n<p>M\u00e1s de 20 mil neolaredenses se dieron cita a la Plaza Hidalgo para divertirse en familia con la Noche Mexicana organizada por el Gobierno Municipal y reconocieron a la alcaldesa Carmen Lilia Canturosas, por este tipo de eventos que son muestra de la nueva era que se vive en la Ciudad.<\/p>\n\n\n\n<p>La fiesta inici\u00f3 con el ritmo de la m\u00fasica del grupo local \u201cTenssi\u00f3n\u201d, despu\u00e9s el baile corri\u00f3 por cuenta de los regiomontanos \u201cS\u00fabditos del Rey\u201d para darle paso a la presentaci\u00f3n estelar de Alicia Villarreal, quien puso a cantar a los asistentes todos sus \u00e9xitos con mariachi y posteriormente las canciones que populariz\u00f3 con el grupo \u201cL\u00edmite\u201d.<\/p>\n\n\n\n<p>La presidenta municipal subi\u00f3 al escenario para reiterar con la ciudadan\u00eda el compromiso de continuar trabajando para que las familias puedan continuar disfrutando de eventos como este con los que se refrenda el <strong>buen momento<\/strong> por el que pasa la ciudad.<\/p>\n\n\n\n<p>\u201cEsta fiesta es para ustedes, disfruten, canten, bailen, hay mucho que celebrar porque rescatamos Nuevo Laredo y lo estamos transformando; celebremos que hoy vivimos una nueva era, que las familias viven mejor y hoy m\u00e1s que nunca nos sentimos orgullosos de vivir en esta gran frontera\u201d, resalt\u00f3.<\/p>\n\n\n\n<p>Los asistentes disfrutaron de m\u00e1s de cinco horas de m\u00fasica en vivo que culminaron con la presentaci\u00f3n de Salom\u00f3n Robles y sus Legendarios del Norte.<\/p>\n\n\n\n<p>El matrimonio formado por el se\u00f1or Galdino Rojas y su esposa Margarita que llegaron temprano de la Colonia Villas de San Miguel para disfrutar del espect\u00e1culo encabezado por Alicia Villarreal \u201cLa G\u00fcerita Consentida\u201d y Salom\u00f3n Robles\u201d, destacaron el cambio que se vive en la Ciudad con m\u00e1s gente saliendo a las calles.<\/p>\n\n\n\n<p>\u201cHay mucha seguridad con nuestra nueva alcaldesa, estamos agradecidos porque nos brind\u00f3 esta oportunidad de divertirnos\u201d, dijo la se\u00f1ora Margarita, quien agreg\u00f3 que estuvo presente durante la noche del 15 de septiembre cuando se pospuso el evento debido a la torrencial lluvia. \u201cA reponer el 16 de septiembre\u201d.<\/p>\n\n\n\n<p>Otros que por diversas razones se han visto en la necesidad de emigrar pero a Nuevo Laredo lo llevan en el coraz\u00f3n, ven con alegr\u00eda un cambio positivo en el ambiente de la Ciudad.<\/p>\n\n\n\n<p>\u201cQue bueno que vuelvan las cosas a la normalidad, que la gente tenga la oportunidad de salir, de distraerse, de divertirse, porque ya hac\u00eda falta todo esto; esta administraci\u00f3n ha sido muy buena, han hecho bien su trabajo, yo creo que deber\u00edan de seguir por m\u00e1s tiempo, que sigan as\u00ed\u201d, menciona BenitoTrevi\u00f1o D\u00edaz, quien durante toda su vida vivi\u00f3 en la colonia Infonavit pero desde hace 9 a\u00f1os radica en Laredo, Texas.<\/p>\n\n\n\n<p>Algunos aprovecharon para estar a tono con el momento y copiaron el look de su \u00eddolo La G\u00fcerita Consentida como la jovencita Dalia Lerma, quien iba acompa\u00f1ada de su mam\u00e1 Flor Estela Alfaro y la cu\u00f1ada de la primera.<\/p>\n\n\n\n<p>Las tres coincidieron en que estos eventos son muy buenos para divertirse en familia y pugnaron porque haya m\u00e1s, al tiempo que destacaron el cambio en la Ciudad.<\/p>\n\n\n\n<p>\u201cHay mucha diferencia; por ejemplo con la seguridad ahora que est\u00e1 Carmen Lilia\u201d dijo la se\u00f1ora Estela quien expres\u00f3 su apoyo y agradecimiento por las obras que ha realizado esta Administraci\u00f3n en su colonia El Campanario.<\/p>\n\n\n\n<p>En el caso de Sanjuana Barrientos, quien era acompa\u00f1ada de su familia, mencion\u00f3 que en esta ocasi\u00f3n ven\u00eda con toda la intenci\u00f3n de divertirse como no pudo hacer la noche del 15 de septiembre debido a la cancelaci\u00f3n por la lluvia.<\/p>\n\n\n\n<p>\u201cEste tipo de espect\u00e1culos son buenos para el pueblo, que venga a disfrutar, gracias a la se\u00f1ora presidente por estos detalles tan bonitos; el ambiente se siente distinto, disfruta uno andar en la calle. Venimos a disfrutar de la Noche Mexicana que por causa del agua no se pudo hacer, pero ahora venimos a divertirnos\u201d, dijo la residente de la colonia Palacios.<\/p>\n\n\n\n<p>Ella coincide con el resto en el sentido de que \u201cSe le cambi\u00f3 la cara a Nuevo Laredo, hay muchos cambios en toda la ciudad\u201d.<\/p>\n","protected":false},"excerpt":{"rendered":"<p>Por: Staff | #NuevoLaredo #Tamaulipas M\u00e1s de 20 mil neolaredenses se dieron cita a la Plaza Hidalgo para divertirse en familia con la Noche Mexicana organizada por el Gobierno Municipal y reconocieron a la alcaldesa Carmen Lilia Canturosas, por este tipo de eventos que son muestra de la nueva era que se vive en la &hellip;<\/p>\n","protected":false},"author":1,"featured_media":2213,"comment_status":"open","ping_status":"open","sticky":false,"template":"","format":"standard","meta":{"footnotes":""},"categories":[38],"tags":[],"class_list":["post-2212","post","type-post","status-publish","format-standard","has-post-thumbnail","","category-nuevo-laredo"],"_links":{"self":[{"href":"https:\/\/www.radiointeractivo.com.mx\/index.php?rest_route=\/wp\/v2\/posts\/2212","targetHints":{"allow":["GET"]}}],"collection":[{"href":"https:\/\/www.radiointeractivo.com.mx\/index.php?rest_route=\/wp\/v2\/posts"}],"about":[{"href":"https:\/\/www.radiointeractivo.com.mx\/index.php?rest_route=\/wp\/v2\/types\/post"}],"author":[{"embeddable":true,"href":"https:\/\/www.radiointeractivo.com.mx\/index.php?rest_route=\/wp\/v2\/users\/1"}],"replies":[{"embeddable":true,"href":"https:\/\/www.radiointeractivo.com.mx\/index.php?rest_route=%2Fwp%2Fv2%2Fcomments&post=2212"}],"version-history":[{"count":1,"href":"https:\/\/www.radiointeractivo.com.mx\/index.php?rest_route=\/wp\/v2\/posts\/2212\/revisions"}],"predecessor-version":[{"id":2214,"href":"https:\/\/www.radiointeractivo.com.mx\/index.php?rest_route=\/wp\/v2\/posts\/2212\/revisions\/2214"}],"wp:featuredmedia":[{"embeddable":true,"href":"https:\/\/www.radiointeractivo.com.mx\/index.php?rest_route=\/wp\/v2\/media\/2213"}],"wp:attachment":[{"href":"https:\/\/www.radiointeractivo.com.mx\/index.php?rest_route=%2Fwp%2Fv2%2Fmedia&parent=2212"}],"wp:term":[{"taxonomy":"category","embeddable":true,"href":"https:\/\/www.radiointeractivo.com.mx\/index.php?rest_route=%2Fwp%2Fv2%2Fcategories&post=2212"},{"taxonomy":"post_tag","embeddable":true,"href":"https:\/\/www.radiointeractivo.com.mx\/index.php?rest_route=%2Fwp%2Fv2%2Ftags&post=2212"}],"curies":[{"name":"wp","href":"https:\/\/api.w.org\/{rel}","templated":true}]}}