{"id":2194,"date":"2023-10-01T12:42:34","date_gmt":"2023-10-01T17:42:34","guid":{"rendered":"https:\/\/www.radiointeractivo.com.mx\/?p=2194"},"modified":"2023-10-01T12:42:34","modified_gmt":"2023-10-01T17:42:34","slug":"secretaria-del-trabajo-promueve-vacantes-para-guardias-de-seguridad-federal-en-altamira","status":"publish","type":"post","link":"https:\/\/www.radiointeractivo.com.mx\/?p=2194","title":{"rendered":"Secretar\u00eda del Trabajo promueve vacantes para guardias de seguridad federal en Altamira"},"content":{"rendered":"\n<p>-Un empleo transforma vidas, son oportunidades de vida, para las trabajadoras y los trabajadores y para sus familias: Olga Sosa Ru\u00edz<\/p>\n\n\n\n<p>Por: Agencias <\/p>\n\n\n\n<p>Altamira, Tamaulipas.- La Secretar\u00eda del Trabajo del gobierno de Am\u00e9rico Villarreal Anaya, a trav\u00e9s del Servicio Nacional del Empleo, llev\u00f3 a cabo un reclutamiento para el Servicio de Protecci\u00f3n Federal en la Unidad Regional de Altamira; este reclutamiento tiene como prop\u00f3sito vincular a interesados en la vacante que significa un empleo digno con prestaciones y certeza jur\u00eddica.<\/p>\n\n\n\n<p>Esta acci\u00f3n encabezada por la secretaria del Trabajo Olga Sosa Ru\u00edz, otorg\u00f3 continuidad al proceso de selecci\u00f3n de candidatos con la disponibilidad de plazas dentro del Servicio de Protecci\u00f3n Federal, una acci\u00f3n que se hab\u00eda realizado en Ciudad Victoria y que ahora se extiende a Altamira como en otras partes de Tamaulipas. Este esfuerzo conjunto refleja un compromiso tangible hacia la apertura de espacios laborales dignos, bien remunerados y con prestaciones superiores a las estipuladas por la ley.<\/p>\n\n\n\n<p>Durante el evento, expres\u00f3 su reconocimiento hacia los aspirantes por su valor e impulso en b\u00fasqueda de un empleo digno que ayude al bienestar de sus familias. Sostuvo \u201cla seguridad en las oficinas, en los hospitales, en los bancos de bienestar, son primordiales para la tranquilidad de nuestra ciudad, de nuestro estado y de nuestro pa\u00eds, porque de la mano de ustedes, estamos construyendo la paz a\u00f1orada por mucho tiempo.\u201d<\/p>\n\n\n\n<p>En el gobierno de Am\u00e9rico Villarreal Anaya, se ha fomentado la realizaci\u00f3n de estos reclutamientos, visualiz\u00e1ndolos como oportunidades vitales para los solicitantes y sus familias. Este proceso representa una oferta de 200 vacantes a nivel estatal, abriendo puertas de empleo para tamaulipecos y tamaulipecas interesados en contribuir a la seguridad y salvaguarda de las instituciones p\u00fablicas de la federaci\u00f3n.<\/p>\n\n\n\n<p>Entre los participantes del evento se destac\u00f3 la presencia del subsecretario de Empleo y Previsi\u00f3n Social, Abelardo Flores Mendoza; la coordinadora de las oficinas en Altamira, Yolanda G\u00f3mez Aguilar; as\u00ed como la Polic\u00eda Tercera Laura Olvera Elizalde; el polic\u00eda Jes\u00fas El\u00edas Mu\u00f1oz Montes y Diana Lizeth Tejeda M\u00e1rquez quien es secretaria t\u00e9cnica regional de la SSP y familiares de los solicitantes, quienes mostraron gran entusiasmo en esta ceremonia de reclutamiento, reafirmando el compromiso y la confianza en las oportunidades laborales que se est\u00e1n generando por parte de la Secretar\u00eda del Trabajo.<\/p>\n","protected":false},"excerpt":{"rendered":"<p>-Un empleo transforma vidas, son oportunidades de vida, para las trabajadoras y los trabajadores y para sus familias: Olga Sosa Ru\u00edz Por: Agencias Altamira, Tamaulipas.- La Secretar\u00eda del Trabajo del gobierno de Am\u00e9rico Villarreal Anaya, a trav\u00e9s del Servicio Nacional del Empleo, llev\u00f3 a cabo un reclutamiento para el Servicio de Protecci\u00f3n Federal en la &hellip;<\/p>\n","protected":false},"author":1,"featured_media":2195,"comment_status":"open","ping_status":"open","sticky":false,"template":"","format":"standard","meta":{"footnotes":""},"categories":[39],"tags":[],"class_list":["post-2194","post","type-post","status-publish","format-standard","has-post-thumbnail","","category-tamaulipas"],"_links":{"self":[{"href":"https:\/\/www.radiointeractivo.com.mx\/index.php?rest_route=\/wp\/v2\/posts\/2194","targetHints":{"allow":["GET"]}}],"collection":[{"href":"https:\/\/www.radiointeractivo.com.mx\/index.php?rest_route=\/wp\/v2\/posts"}],"about":[{"href":"https:\/\/www.radiointeractivo.com.mx\/index.php?rest_route=\/wp\/v2\/types\/post"}],"author":[{"embeddable":true,"href":"https:\/\/www.radiointeractivo.com.mx\/index.php?rest_route=\/wp\/v2\/users\/1"}],"replies":[{"embeddable":true,"href":"https:\/\/www.radiointeractivo.com.mx\/index.php?rest_route=%2Fwp%2Fv2%2Fcomments&post=2194"}],"version-history":[{"count":1,"href":"https:\/\/www.radiointeractivo.com.mx\/index.php?rest_route=\/wp\/v2\/posts\/2194\/revisions"}],"predecessor-version":[{"id":2196,"href":"https:\/\/www.radiointeractivo.com.mx\/index.php?rest_route=\/wp\/v2\/posts\/2194\/revisions\/2196"}],"wp:featuredmedia":[{"embeddable":true,"href":"https:\/\/www.radiointeractivo.com.mx\/index.php?rest_route=\/wp\/v2\/media\/2195"}],"wp:attachment":[{"href":"https:\/\/www.radiointeractivo.com.mx\/index.php?rest_route=%2Fwp%2Fv2%2Fmedia&parent=2194"}],"wp:term":[{"taxonomy":"category","embeddable":true,"href":"https:\/\/www.radiointeractivo.com.mx\/index.php?rest_route=%2Fwp%2Fv2%2Fcategories&post=2194"},{"taxonomy":"post_tag","embeddable":true,"href":"https:\/\/www.radiointeractivo.com.mx\/index.php?rest_route=%2Fwp%2Fv2%2Ftags&post=2194"}],"curies":[{"name":"wp","href":"https:\/\/api.w.org\/{rel}","templated":true}]}}