{"id":2188,"date":"2023-10-01T12:37:57","date_gmt":"2023-10-01T17:37:57","guid":{"rendered":"https:\/\/www.radiointeractivo.com.mx\/?p=2188"},"modified":"2023-10-01T12:37:58","modified_gmt":"2023-10-01T17:37:58","slug":"celebran-miles-de-familias-neolaredenses-fiesta-mexicana","status":"publish","type":"post","link":"https:\/\/www.radiointeractivo.com.mx\/?p=2188","title":{"rendered":"CELEBRAN MILES DE FAMILIAS NEOLAREDENSES FIESTA MEXICANA"},"content":{"rendered":"\n<p>Por: Staff | #NuevoLaredo #Tamaulipas<\/p>\n\n\n\n<p>Al grito de \u201c\u00a1Viva Nuevo Laredo!\u201d, la alcaldesa Carmen Lilia Canturosas Villarreal, hizo vibrar la explanada de la Independencia donde m\u00e1s de 20 mil neolaredenses se dieron cita para celebrar la Fiesta Mexicana, refrendar el orgullo de ser mexicanos y unirse al euf\u00f3rico grito.<\/p>\n\n\n\n<p>En punto de las 10:30 de la noche, Canturosas Villarreal subi\u00f3 al escenario principal para celebrar con los miles asistentes la fiesta mexicana.<\/p>\n\n\n\n<p>&#8220;Celebremos que hoy vivimos una nueva era, que las familias viven mejor y hoy m\u00e1s que nunca nos sentimos orgullosos de vivir en esta gran frontera porque Nuevo Laredo Nos UNE&#8221;, manifest\u00f3 la presidenta municipal.<\/p>\n\n\n\n<p>Enfatiz\u00f3 que esta fiesta se organiz\u00f3 para que los neolaredenses disfruten, canten y bailen porque hay mucho que celebrar debido a que el Gobierno Municipal trabaja para rescatar y transformar a Nuevo Laredo.<\/p>\n\n\n\n<p>Las miles de familias disfrutaron de la m\u00fasica en vivo de la Alicia Villarreal y Salom\u00f3n Robles, adem\u00e1s se emocionaron con un espect\u00e1culo pirot\u00e9cnico musical.<\/p>\n","protected":false},"excerpt":{"rendered":"<p>Por: Staff | #NuevoLaredo #Tamaulipas Al grito de \u201c\u00a1Viva Nuevo Laredo!\u201d, la alcaldesa Carmen Lilia Canturosas Villarreal, hizo vibrar la explanada de la Independencia donde m\u00e1s de 20 mil neolaredenses se dieron cita para celebrar la Fiesta Mexicana, refrendar el orgullo de ser mexicanos y unirse al euf\u00f3rico grito. En punto de las 10:30 de &hellip;<\/p>\n","protected":false},"author":1,"featured_media":2189,"comment_status":"open","ping_status":"open","sticky":false,"template":"","format":"standard","meta":{"footnotes":""},"categories":[38],"tags":[],"class_list":["post-2188","post","type-post","status-publish","format-standard","has-post-thumbnail","","category-nuevo-laredo"],"_links":{"self":[{"href":"https:\/\/www.radiointeractivo.com.mx\/index.php?rest_route=\/wp\/v2\/posts\/2188","targetHints":{"allow":["GET"]}}],"collection":[{"href":"https:\/\/www.radiointeractivo.com.mx\/index.php?rest_route=\/wp\/v2\/posts"}],"about":[{"href":"https:\/\/www.radiointeractivo.com.mx\/index.php?rest_route=\/wp\/v2\/types\/post"}],"author":[{"embeddable":true,"href":"https:\/\/www.radiointeractivo.com.mx\/index.php?rest_route=\/wp\/v2\/users\/1"}],"replies":[{"embeddable":true,"href":"https:\/\/www.radiointeractivo.com.mx\/index.php?rest_route=%2Fwp%2Fv2%2Fcomments&post=2188"}],"version-history":[{"count":1,"href":"https:\/\/www.radiointeractivo.com.mx\/index.php?rest_route=\/wp\/v2\/posts\/2188\/revisions"}],"predecessor-version":[{"id":2190,"href":"https:\/\/www.radiointeractivo.com.mx\/index.php?rest_route=\/wp\/v2\/posts\/2188\/revisions\/2190"}],"wp:featuredmedia":[{"embeddable":true,"href":"https:\/\/www.radiointeractivo.com.mx\/index.php?rest_route=\/wp\/v2\/media\/2189"}],"wp:attachment":[{"href":"https:\/\/www.radiointeractivo.com.mx\/index.php?rest_route=%2Fwp%2Fv2%2Fmedia&parent=2188"}],"wp:term":[{"taxonomy":"category","embeddable":true,"href":"https:\/\/www.radiointeractivo.com.mx\/index.php?rest_route=%2Fwp%2Fv2%2Fcategories&post=2188"},{"taxonomy":"post_tag","embeddable":true,"href":"https:\/\/www.radiointeractivo.com.mx\/index.php?rest_route=%2Fwp%2Fv2%2Ftags&post=2188"}],"curies":[{"name":"wp","href":"https:\/\/api.w.org\/{rel}","templated":true}]}}