{"id":2182,"date":"2023-10-01T12:32:11","date_gmt":"2023-10-01T17:32:11","guid":{"rendered":"https:\/\/www.radiointeractivo.com.mx\/?p=2182"},"modified":"2023-10-01T12:32:12","modified_gmt":"2023-10-01T17:32:12","slug":"realizaran-feria-de-adopcion-canina-y-felina-el-domingo","status":"publish","type":"post","link":"https:\/\/www.radiointeractivo.com.mx\/?p=2182","title":{"rendered":"REALIZAR\u00c1N FERIA DE ADOPCI\u00d3N CANINA Y FELINA EL DOMINGO"},"content":{"rendered":"\n<p>Este domingo 1 de octubre se llevar\u00e1 a cabo la cuarta Feria de Adopci\u00f3n Canina y Felina que tiene como finalidad dar un hogar a las mascotas que fueron rescatadas del maltrato.<\/p>\n\n\n\n<p>Pablo Garza Elizalde, coordinador operativo de la secretar\u00eda de Bienestar Social, dio a conocer que ser\u00e1 en la Plaza Zaragoza de 10:00 de la ma\u00f1ana a 5:00 de la tarde.<\/p>\n\n\n\n<p>\u201cHacemos invitaci\u00f3n a las familias a que adopten un animalito y que le den el hogar que se merecen, seguimos en este camino de concientizar a los ciudadanos a adoptar y que no compren\u201d, mencion\u00f3 Pablo Garza, de la secretar\u00eda de Bienestar Social.<\/p>\n\n\n\n<p>Inform\u00f3 que los perros y gatos se encuentran con excelente salud, esterilizados y con el esquema de vacunaci\u00f3n completa.<\/p>\n\n\n\n<p>Adem\u00e1s este d\u00eda se llevar\u00e1n a cabo diversas actividades para que las familias tengan una gran tarde social en este lugar en el que habr\u00e1 juegos interactivos, entrega de palomitas y m\u00e1s.<\/p>\n\n\n\n<p>La documentaci\u00f3n que deben completar los interesados para adoptar es llevar la credencial de elector, llenar un formato de adopci\u00f3n responsable, carta de compromiso y una entrevista que se realiza en el momento.<\/p>\n","protected":false},"excerpt":{"rendered":"<p>Este domingo 1 de octubre se llevar\u00e1 a cabo la cuarta Feria de Adopci\u00f3n Canina y Felina que tiene como finalidad dar un hogar a las mascotas que fueron rescatadas del maltrato. Pablo Garza Elizalde, coordinador operativo de la secretar\u00eda de Bienestar Social, dio a conocer que ser\u00e1 en la Plaza Zaragoza de 10:00 de &hellip;<\/p>\n","protected":false},"author":1,"featured_media":2183,"comment_status":"open","ping_status":"open","sticky":false,"template":"","format":"standard","meta":{"footnotes":""},"categories":[38],"tags":[],"class_list":["post-2182","post","type-post","status-publish","format-standard","has-post-thumbnail","","category-nuevo-laredo"],"_links":{"self":[{"href":"https:\/\/www.radiointeractivo.com.mx\/index.php?rest_route=\/wp\/v2\/posts\/2182","targetHints":{"allow":["GET"]}}],"collection":[{"href":"https:\/\/www.radiointeractivo.com.mx\/index.php?rest_route=\/wp\/v2\/posts"}],"about":[{"href":"https:\/\/www.radiointeractivo.com.mx\/index.php?rest_route=\/wp\/v2\/types\/post"}],"author":[{"embeddable":true,"href":"https:\/\/www.radiointeractivo.com.mx\/index.php?rest_route=\/wp\/v2\/users\/1"}],"replies":[{"embeddable":true,"href":"https:\/\/www.radiointeractivo.com.mx\/index.php?rest_route=%2Fwp%2Fv2%2Fcomments&post=2182"}],"version-history":[{"count":1,"href":"https:\/\/www.radiointeractivo.com.mx\/index.php?rest_route=\/wp\/v2\/posts\/2182\/revisions"}],"predecessor-version":[{"id":2184,"href":"https:\/\/www.radiointeractivo.com.mx\/index.php?rest_route=\/wp\/v2\/posts\/2182\/revisions\/2184"}],"wp:featuredmedia":[{"embeddable":true,"href":"https:\/\/www.radiointeractivo.com.mx\/index.php?rest_route=\/wp\/v2\/media\/2183"}],"wp:attachment":[{"href":"https:\/\/www.radiointeractivo.com.mx\/index.php?rest_route=%2Fwp%2Fv2%2Fmedia&parent=2182"}],"wp:term":[{"taxonomy":"category","embeddable":true,"href":"https:\/\/www.radiointeractivo.com.mx\/index.php?rest_route=%2Fwp%2Fv2%2Fcategories&post=2182"},{"taxonomy":"post_tag","embeddable":true,"href":"https:\/\/www.radiointeractivo.com.mx\/index.php?rest_route=%2Fwp%2Fv2%2Ftags&post=2182"}],"curies":[{"name":"wp","href":"https:\/\/api.w.org\/{rel}","templated":true}]}}