{"id":2179,"date":"2023-10-01T12:29:59","date_gmt":"2023-10-01T17:29:59","guid":{"rendered":"https:\/\/www.radiointeractivo.com.mx\/?p=2179"},"modified":"2023-10-01T12:30:01","modified_gmt":"2023-10-01T17:30:01","slug":"disfrutan-familias-neolaredenses-concierto-de-gala-por-centenaria-banda-de-musica-municipal","status":"publish","type":"post","link":"https:\/\/www.radiointeractivo.com.mx\/?p=2179","title":{"rendered":"DISFRUTAN FAMILIAS NEOLAREDENSES CONCIERTO DE GALA POR CENTENARIA BANDA DE M\u00daSICA MUNICIPAL"},"content":{"rendered":"\n<p>Por: Staff <\/p>\n\n\n\n<p>En conmemoraci\u00f3n del 117 aniversario de la Centenaria Banda de M\u00fasica Municipal, el Gobierno Municipal a trav\u00e9s de la Direcci\u00f3n de Arte y Cultura, llev\u00f3 a cabo un Concierto de Gala orquestado por dicha agrupaci\u00f3n local en los jardines principales de la Casa Longoria, donde cientos de neolaredenses acudieron a deleitarse con el talento local.<\/p>\n\n\n\n<p>El concierto se caracteriz\u00f3 por la representaci\u00f3n art\u00edstica de 12 piezas musicales cl\u00e1sicas en las que destacan Un Minuto de tu Amor, Serenata a la Luz de la Luna, Collar de Perlas, El Continental, Piel Canela y m\u00e1s.<\/p>\n\n\n\n<p>Maria Eugenia Gutierrez de Rocha, asistente, destac\u00f3 que es un acierto que el Gobierno Municipal lleve a cabo estos eventos, sobre todo con m\u00fasica cl\u00e1sica que enriquece la cultura de la ciudad.<\/p>\n\n\n\n<p>\u201cTambi\u00e9n asist\u00ed al concierto pasado y la verdad es que la Casa Longoria es el lugar adecuado para estas actividades, ahora felicitamos a la Banda de M\u00fasica Municipal por su aniversario y a la alcaldesa Carmen Lilia Canturosas por estas tardes tan hermosas que organiza\u201d, manifest\u00f3.<\/p>\n\n\n\n<p>Por su parte, Gerardo Romero de la Cruz, asistente, recalc\u00f3 que este tipo de eventos ofrecen un deleite mediante el talento local y felicit\u00f3 al Gobierno Municipal por organizar el concierto que brinda la oportunidad de escuchar m\u00fasica cl\u00e1sica.<\/p>\n\n\n\n<p>\u201cLa Casa Longoria es muy buena ubicaci\u00f3n, que bueno que tengamos acceso a este monumento y podamos convivir en este nuevo espacio p\u00fablico que es para que lo disfrutemos\u201d, expres\u00f3.<\/p>\n\n\n\n<p>Por otro lado, Yolanda Flores Ramirez, asistente, asegur\u00f3 que los conciertos en la Casa Longoria son amenos y m\u00e1s cuando se trata de celebrar el aniversario de la Centenaria Banda Municipal, una agrupaci\u00f3n repleta de talento local.<\/p>\n\n\n\n<p>\u201cMe siento muy agradecida porque a pesar de que es para conmemorar a la banda municipal los ciudadanos tambi\u00e9n ganamos porque nos ofrecen este gran concierto y adem\u00e1s porque la presidenta municipal no s\u00f3lo organiz\u00f3 esto, tambi\u00e9n tiene otros programas activos a los que acudo como el danz\u00f3n\u201d, enfatiz\u00f3.<\/p>\n\n\n\n<p>El concierto inici\u00f3 a las 7:30 PM y por aproximadamente una hora, la talentosa agrupaci\u00f3n local deslumbr\u00f3 a los asistentes en el concierto.<\/p>\n","protected":false},"excerpt":{"rendered":"<p>Por: Staff En conmemoraci\u00f3n del 117 aniversario de la Centenaria Banda de M\u00fasica Municipal, el Gobierno Municipal a trav\u00e9s de la Direcci\u00f3n de Arte y Cultura, llev\u00f3 a cabo un Concierto de Gala orquestado por dicha agrupaci\u00f3n local en los jardines principales de la Casa Longoria, donde cientos de neolaredenses acudieron a deleitarse con el &hellip;<\/p>\n","protected":false},"author":1,"featured_media":2180,"comment_status":"open","ping_status":"open","sticky":false,"template":"","format":"standard","meta":{"footnotes":""},"categories":[38],"tags":[],"class_list":["post-2179","post","type-post","status-publish","format-standard","has-post-thumbnail","","category-nuevo-laredo"],"_links":{"self":[{"href":"https:\/\/www.radiointeractivo.com.mx\/index.php?rest_route=\/wp\/v2\/posts\/2179","targetHints":{"allow":["GET"]}}],"collection":[{"href":"https:\/\/www.radiointeractivo.com.mx\/index.php?rest_route=\/wp\/v2\/posts"}],"about":[{"href":"https:\/\/www.radiointeractivo.com.mx\/index.php?rest_route=\/wp\/v2\/types\/post"}],"author":[{"embeddable":true,"href":"https:\/\/www.radiointeractivo.com.mx\/index.php?rest_route=\/wp\/v2\/users\/1"}],"replies":[{"embeddable":true,"href":"https:\/\/www.radiointeractivo.com.mx\/index.php?rest_route=%2Fwp%2Fv2%2Fcomments&post=2179"}],"version-history":[{"count":1,"href":"https:\/\/www.radiointeractivo.com.mx\/index.php?rest_route=\/wp\/v2\/posts\/2179\/revisions"}],"predecessor-version":[{"id":2181,"href":"https:\/\/www.radiointeractivo.com.mx\/index.php?rest_route=\/wp\/v2\/posts\/2179\/revisions\/2181"}],"wp:featuredmedia":[{"embeddable":true,"href":"https:\/\/www.radiointeractivo.com.mx\/index.php?rest_route=\/wp\/v2\/media\/2180"}],"wp:attachment":[{"href":"https:\/\/www.radiointeractivo.com.mx\/index.php?rest_route=%2Fwp%2Fv2%2Fmedia&parent=2179"}],"wp:term":[{"taxonomy":"category","embeddable":true,"href":"https:\/\/www.radiointeractivo.com.mx\/index.php?rest_route=%2Fwp%2Fv2%2Fcategories&post=2179"},{"taxonomy":"post_tag","embeddable":true,"href":"https:\/\/www.radiointeractivo.com.mx\/index.php?rest_route=%2Fwp%2Fv2%2Ftags&post=2179"}],"curies":[{"name":"wp","href":"https:\/\/api.w.org\/{rel}","templated":true}]}}