{"id":2148,"date":"2023-09-28T20:50:53","date_gmt":"2023-09-29T01:50:53","guid":{"rendered":"https:\/\/www.radiointeractivo.com.mx\/?p=2148"},"modified":"2023-09-28T20:50:54","modified_gmt":"2023-09-29T01:50:54","slug":"engalana-centenaria-banda-de-musica-municipal-jardines-de-casa-longoria","status":"publish","type":"post","link":"https:\/\/www.radiointeractivo.com.mx\/?p=2148","title":{"rendered":"ENGALANA CENTENARIA BANDA DE M\u00daSICA MUNICIPAL JARDINES DE CASA LONGORIA"},"content":{"rendered":"\n<p>Por: Staff | #NuevoLaredo #Tamaulipas<\/p>\n\n\n\n<p>La Centenaria Banda de M\u00fasica Municipal ofreci\u00f3 un Concierto de Gala a familias neolaredenses que abarrotaron en el jard\u00edn principal de la ic\u00f3nica Casa Longoria para disfrutar de un amplio repertorio musical en una velada inolvidable.<\/p>\n\n\n\n<p>Desde las 7:30 de la tarde, las notas musicales de piezas como Collar de Perlas, El Continental, Piel Canela, entre otras, deleitaron a los asistentes que adem\u00e1s pudieron disfrutar de un recorrido por los jardines del recinto.<\/p>\n\n\n\n<p>La Centenaria Banda de M\u00fasica Municipal cumple este 2023, 117 a\u00f1os de haberse formado y como parte de las actividades por motivo de su aniversario llevaron a cabo este gran concierto.<\/p>\n","protected":false},"excerpt":{"rendered":"<p>Por: Staff | #NuevoLaredo #Tamaulipas La Centenaria Banda de M\u00fasica Municipal ofreci\u00f3 un Concierto de Gala a familias neolaredenses que abarrotaron en el jard\u00edn principal de la ic\u00f3nica Casa Longoria para disfrutar de un amplio repertorio musical en una velada inolvidable. Desde las 7:30 de la tarde, las notas musicales de piezas como Collar de &hellip;<\/p>\n","protected":false},"author":1,"featured_media":2149,"comment_status":"open","ping_status":"open","sticky":false,"template":"","format":"standard","meta":{"footnotes":""},"categories":[38],"tags":[],"class_list":["post-2148","post","type-post","status-publish","format-standard","has-post-thumbnail","","category-nuevo-laredo"],"_links":{"self":[{"href":"https:\/\/www.radiointeractivo.com.mx\/index.php?rest_route=\/wp\/v2\/posts\/2148","targetHints":{"allow":["GET"]}}],"collection":[{"href":"https:\/\/www.radiointeractivo.com.mx\/index.php?rest_route=\/wp\/v2\/posts"}],"about":[{"href":"https:\/\/www.radiointeractivo.com.mx\/index.php?rest_route=\/wp\/v2\/types\/post"}],"author":[{"embeddable":true,"href":"https:\/\/www.radiointeractivo.com.mx\/index.php?rest_route=\/wp\/v2\/users\/1"}],"replies":[{"embeddable":true,"href":"https:\/\/www.radiointeractivo.com.mx\/index.php?rest_route=%2Fwp%2Fv2%2Fcomments&post=2148"}],"version-history":[{"count":1,"href":"https:\/\/www.radiointeractivo.com.mx\/index.php?rest_route=\/wp\/v2\/posts\/2148\/revisions"}],"predecessor-version":[{"id":2150,"href":"https:\/\/www.radiointeractivo.com.mx\/index.php?rest_route=\/wp\/v2\/posts\/2148\/revisions\/2150"}],"wp:featuredmedia":[{"embeddable":true,"href":"https:\/\/www.radiointeractivo.com.mx\/index.php?rest_route=\/wp\/v2\/media\/2149"}],"wp:attachment":[{"href":"https:\/\/www.radiointeractivo.com.mx\/index.php?rest_route=%2Fwp%2Fv2%2Fmedia&parent=2148"}],"wp:term":[{"taxonomy":"category","embeddable":true,"href":"https:\/\/www.radiointeractivo.com.mx\/index.php?rest_route=%2Fwp%2Fv2%2Fcategories&post=2148"},{"taxonomy":"post_tag","embeddable":true,"href":"https:\/\/www.radiointeractivo.com.mx\/index.php?rest_route=%2Fwp%2Fv2%2Ftags&post=2148"}],"curies":[{"name":"wp","href":"https:\/\/api.w.org\/{rel}","templated":true}]}}